{"id":1555,"date":"2026-04-21T14:39:35","date_gmt":"2026-04-21T14:39:35","guid":{"rendered":"https:\/\/consuladogeral-angola.pt\/?p=1555"},"modified":"2026-04-21T14:41:24","modified_gmt":"2026-04-21T14:41:24","slug":"comunicado-de-encerramento-2","status":"publish","type":"post","link":"https:\/\/consuladogeral-angola.pt\/en\/comunicados\/comunicado-de-encerramento-2\/","title":{"rendered":"COMUNICADO DE ENCERRAMENTO"},"content":{"rendered":"<p>Pelo presente informamos aos nossos estimados utentes, que <strong>este Consulado Geral estar\u00e1 encerrado na pr\u00f3xima Sexta-Feira, 01 de Maio de 2026, por ocasi\u00e3o do Dia Internacional do Trabalhador.<\/strong><\/p>\n\n\n\n<p>Para quest\u00f5es de reconhecida urg\u00eancia estar\u00e1 em funcionamento o Servi\u00e7o de Piquete, que pode ser acedido atrav\u00e9s do telefone n\u00ba <strong>913&nbsp;229 398<\/strong>.<\/p>\n\n\n\n<p><strong>Esta Miss\u00e3o Consular retomar\u00e1 os seus servi\u00e7os no dia 04 de Maio de 2026 &#8211; Segunda-feira.<\/strong><\/p>\n\n\n\n<p class=\"has-text-align-center\"><strong>Consulado Geral de Angola em Lisboa, 20 de Abril de 2026.<\/strong><\/p>\n\n\n\n<a href=\"https:\/\/consuladogeral-angola.pt\/wp-content\/uploads\/2026\/04\/21042026124639.pdf\" class=\"special-download-button\" target=\"_blank\" rel=\"noopener\"><i class=\"fas fa-download\"><\/i><span>Download<br><span class=\"small-text\">Ver Documento<\/span><\/span><\/a>\n\n\n\n<p><\/p>\n\n\n\n<p class=\"has-text-align-center\"><strong>A C\u00f4nsul-Geral<\/strong><\/p>\n\n\n\n<p class=\"has-text-align-center\"><strong>Vic\u00eancia Ferreira Morais de Brito<\/strong> <\/p>\n\n\n\n<p class=\"has-text-align-center\"><strong>Ambassador<\/strong><\/p>","protected":false},"excerpt":{"rendered":"<p>Pelo presente informamos aos nossos estimados utentes, que este Consulado Geral estar\u00e1 encerrado na pr\u00f3xima Sexta-Feira, 01 de Maio de 2026, por ocasi\u00e3o do Dia Internacional do Trabalhador.<br \/>\nPara quest\u00f5es de reconhecida urg\u00eancia estar\u00e1 em funcionamento o Servi\u00e7o de Piquete, que pode ser acedido atrav\u00e9s do telefone n\u00ba 913 229 398.<br \/>\nEsta Miss\u00e3o Consular retomar\u00e1 os seus servi\u00e7os no dia 04 de Maio de 2026 &#8211; Segunda-feira.<\/p>","protected":false},"author":4,"featured_media":2780,"comment_status":"closed","ping_status":"open","sticky":false,"template":"","format":"standard","meta":{"_acf_changed":false,"footnotes":""},"categories":[4],"tags":[],"class_list":["post-1555","post","type-post","status-publish","format-standard","has-post-thumbnail","hentry","category-comunicados"],"acf":[],"yoast_head":"<!-- This site is optimized with the Yoast SEO plugin v27.4 - https:\/\/yoast.com\/product\/yoast-seo-wordpress\/ -->\n<title>COMUNICADO DE ENCERRAMENTO - Consulado Geral da Rep\u00fablica de Angola em Lisboa<\/title>\n<meta name=\"robots\" content=\"index, follow, max-snippet:-1, max-image-preview:large, max-video-preview:-1\" \/>\n<link rel=\"canonical\" href=\"https:\/\/consuladogeral-angola.pt\/en\/comunicados\/comunicado-de-encerramento-2\/\" \/>\n<meta property=\"og:locale\" content=\"en_GB\" \/>\n<meta property=\"og:type\" content=\"article\" \/>\n<meta property=\"og:title\" content=\"COMUNICADO DE ENCERRAMENTO - Consulado Geral da Rep\u00fablica de Angola em Lisboa\" \/>\n<meta property=\"og:description\" content=\"Pelo presente informamos aos nossos estimados utentes, que este Consulado Geral estar\u00e1 encerrado na pr\u00f3xima Sexta-Feira, 01 de Maio de 2026, por ocasi\u00e3o do Dia Internacional do Trabalhador. Para quest\u00f5es de reconhecida urg\u00eancia estar\u00e1 em funcionamento o Servi\u00e7o de Piquete, que pode ser acedido atrav\u00e9s do telefone n\u00ba 913 229 398. Esta Miss\u00e3o Consular retomar\u00e1 os seus servi\u00e7os no dia 04 de Maio de 2026 - Segunda-feira.\" \/>\n<meta property=\"og:url\" content=\"https:\/\/consuladogeral-angola.pt\/en\/comunicados\/comunicado-de-encerramento-2\/\" \/>\n<meta property=\"og:site_name\" content=\"Consulado Geral da Rep\u00fablica de Angola em Lisboa\" \/>\n<meta property=\"article:published_time\" content=\"2026-04-21T14:39:35+00:00\" \/>\n<meta property=\"article:modified_time\" content=\"2026-04-21T14:41:24+00:00\" \/>\n<meta property=\"og:image\" content=\"https:\/\/consuladogeral-angola.pt\/wp-content\/uploads\/2023\/03\/comunicados2.fwz_.fwp_.fw_.png\" \/>\n\t<meta property=\"og:image:width\" content=\"700\" \/>\n\t<meta property=\"og:image:height\" content=\"420\" \/>\n\t<meta property=\"og:image:type\" content=\"image\/png\" \/>\n<meta name=\"author\" content=\"Filipe Quinta\" \/>\n<meta name=\"twitter:card\" content=\"summary_large_image\" \/>\n<meta name=\"twitter:label1\" content=\"Written by\" \/>\n\t<meta name=\"twitter:data1\" content=\"Filipe Quinta\" \/>\n\t<meta name=\"twitter:label2\" content=\"Estimated reading time\" \/>\n\t<meta name=\"twitter:data2\" content=\"1 minute\" \/>\n<script type=\"application\/ld+json\" class=\"yoast-schema-graph\">{\"@context\":\"https:\\\/\\\/schema.org\",\"@graph\":[{\"@type\":\"Article\",\"@id\":\"https:\\\/\\\/consuladogeral-angola.pt\\\/comunicados\\\/comunicado-de-encerramento-2\\\/#article\",\"isPartOf\":{\"@id\":\"https:\\\/\\\/consuladogeral-angola.pt\\\/comunicados\\\/comunicado-de-encerramento-2\\\/\"},\"author\":{\"name\":\"Filipe Quinta\",\"@id\":\"https:\\\/\\\/consuladogeral-angola.pt\\\/#\\\/schema\\\/person\\\/faa4fbfe99dfc0bd00ca9624a45d8186\"},\"headline\":\"COMUNICADO DE ENCERRAMENTO\",\"datePublished\":\"2026-04-21T14:39:35+00:00\",\"dateModified\":\"2026-04-21T14:41:24+00:00\",\"mainEntityOfPage\":{\"@id\":\"https:\\\/\\\/consuladogeral-angola.pt\\\/comunicados\\\/comunicado-de-encerramento-2\\\/\"},\"wordCount\":94,\"image\":{\"@id\":\"https:\\\/\\\/consuladogeral-angola.pt\\\/comunicados\\\/comunicado-de-encerramento-2\\\/#primaryimage\"},\"thumbnailUrl\":\"https:\\\/\\\/consuladogeral-angola.pt\\\/wp-content\\\/uploads\\\/2023\\\/03\\\/comunicados2.fwz_.fwp_.fw_.png\",\"articleSection\":[\"Comunicados\"],\"inLanguage\":\"en-GB\"},{\"@type\":\"WebPage\",\"@id\":\"https:\\\/\\\/consuladogeral-angola.pt\\\/comunicados\\\/comunicado-de-encerramento-2\\\/\",\"url\":\"https:\\\/\\\/consuladogeral-angola.pt\\\/comunicados\\\/comunicado-de-encerramento-2\\\/\",\"name\":\"COMUNICADO DE ENCERRAMENTO - Consulado Geral da Rep\u00fablica de Angola em Lisboa\",\"isPartOf\":{\"@id\":\"https:\\\/\\\/consuladogeral-angola.pt\\\/#website\"},\"primaryImageOfPage\":{\"@id\":\"https:\\\/\\\/consuladogeral-angola.pt\\\/comunicados\\\/comunicado-de-encerramento-2\\\/#primaryimage\"},\"image\":{\"@id\":\"https:\\\/\\\/consuladogeral-angola.pt\\\/comunicados\\\/comunicado-de-encerramento-2\\\/#primaryimage\"},\"thumbnailUrl\":\"https:\\\/\\\/consuladogeral-angola.pt\\\/wp-content\\\/uploads\\\/2023\\\/03\\\/comunicados2.fwz_.fwp_.fw_.png\",\"datePublished\":\"2026-04-21T14:39:35+00:00\",\"dateModified\":\"2026-04-21T14:41:24+00:00\",\"author\":{\"@id\":\"https:\\\/\\\/consuladogeral-angola.pt\\\/#\\\/schema\\\/person\\\/faa4fbfe99dfc0bd00ca9624a45d8186\"},\"breadcrumb\":{\"@id\":\"https:\\\/\\\/consuladogeral-angola.pt\\\/comunicados\\\/comunicado-de-encerramento-2\\\/#breadcrumb\"},\"inLanguage\":\"en-GB\",\"potentialAction\":[{\"@type\":\"ReadAction\",\"target\":[\"https:\\\/\\\/consuladogeral-angola.pt\\\/comunicados\\\/comunicado-de-encerramento-2\\\/\"]}]},{\"@type\":\"ImageObject\",\"inLanguage\":\"en-GB\",\"@id\":\"https:\\\/\\\/consuladogeral-angola.pt\\\/comunicados\\\/comunicado-de-encerramento-2\\\/#primaryimage\",\"url\":\"https:\\\/\\\/consuladogeral-angola.pt\\\/wp-content\\\/uploads\\\/2023\\\/03\\\/comunicados2.fwz_.fwp_.fw_.png\",\"contentUrl\":\"https:\\\/\\\/consuladogeral-angola.pt\\\/wp-content\\\/uploads\\\/2023\\\/03\\\/comunicados2.fwz_.fwp_.fw_.png\",\"width\":700,\"height\":420},{\"@type\":\"BreadcrumbList\",\"@id\":\"https:\\\/\\\/consuladogeral-angola.pt\\\/comunicados\\\/comunicado-de-encerramento-2\\\/#breadcrumb\",\"itemListElement\":[{\"@type\":\"ListItem\",\"position\":1,\"name\":\"Home\",\"item\":\"https:\\\/\\\/consuladogeral-angola.pt\\\/\"},{\"@type\":\"ListItem\",\"position\":2,\"name\":\"COMUNICADO DE ENCERRAMENTO\"}]},{\"@type\":\"WebSite\",\"@id\":\"https:\\\/\\\/consuladogeral-angola.pt\\\/#website\",\"url\":\"https:\\\/\\\/consuladogeral-angola.pt\\\/\",\"name\":\"Consulado Geral da Rep\u00fablica de Angola em Lisboa\",\"description\":\"\",\"potentialAction\":[{\"@type\":\"SearchAction\",\"target\":{\"@type\":\"EntryPoint\",\"urlTemplate\":\"https:\\\/\\\/consuladogeral-angola.pt\\\/?s={search_term_string}\"},\"query-input\":{\"@type\":\"PropertyValueSpecification\",\"valueRequired\":true,\"valueName\":\"search_term_string\"}}],\"inLanguage\":\"en-GB\"},{\"@type\":\"Person\",\"@id\":\"https:\\\/\\\/consuladogeral-angola.pt\\\/#\\\/schema\\\/person\\\/faa4fbfe99dfc0bd00ca9624a45d8186\",\"name\":\"Filipe Quinta\",\"image\":{\"@type\":\"ImageObject\",\"inLanguage\":\"en-GB\",\"@id\":\"https:\\\/\\\/secure.gravatar.com\\\/avatar\\\/b75e7a5e497db487209eb5fc686f25e7210c8b4c0d06b20b64d158ad395f74ac?s=96&d=mm&r=g\",\"url\":\"https:\\\/\\\/secure.gravatar.com\\\/avatar\\\/b75e7a5e497db487209eb5fc686f25e7210c8b4c0d06b20b64d158ad395f74ac?s=96&d=mm&r=g\",\"contentUrl\":\"https:\\\/\\\/secure.gravatar.com\\\/avatar\\\/b75e7a5e497db487209eb5fc686f25e7210c8b4c0d06b20b64d158ad395f74ac?s=96&d=mm&r=g\",\"caption\":\"Filipe Quinta\"},\"sameAs\":[\"https:\\\/\\\/consuladogeral-angola.pt\\\/\"],\"url\":\"https:\\\/\\\/consuladogeral-angola.pt\\\/en\\\/author\\\/filipe-quinta\\\/\"}]}<\/script>\n<!-- \/ Yoast SEO plugin. -->","yoast_head_json":{"title":"COMUNICADO DE ENCERRAMENTO - Consulado Geral da Rep\u00fablica de Angola em Lisboa","robots":{"index":"index","follow":"follow","max-snippet":"max-snippet:-1","max-image-preview":"max-image-preview:large","max-video-preview":"max-video-preview:-1"},"canonical":"https:\/\/consuladogeral-angola.pt\/en\/comunicados\/comunicado-de-encerramento-2\/","og_locale":"en_GB","og_type":"article","og_title":"COMUNICADO DE ENCERRAMENTO - Consulado Geral da Rep\u00fablica de Angola em Lisboa","og_description":"Pelo presente informamos aos nossos estimados utentes, que este Consulado Geral estar\u00e1 encerrado na pr\u00f3xima Sexta-Feira, 01 de Maio de 2026, por ocasi\u00e3o do Dia Internacional do Trabalhador. Para quest\u00f5es de reconhecida urg\u00eancia estar\u00e1 em funcionamento o Servi\u00e7o de Piquete, que pode ser acedido atrav\u00e9s do telefone n\u00ba 913 229 398. Esta Miss\u00e3o Consular retomar\u00e1 os seus servi\u00e7os no dia 04 de Maio de 2026 - Segunda-feira.","og_url":"https:\/\/consuladogeral-angola.pt\/en\/comunicados\/comunicado-de-encerramento-2\/","og_site_name":"Consulado Geral da Rep\u00fablica de Angola em Lisboa","article_published_time":"2026-04-21T14:39:35+00:00","article_modified_time":"2026-04-21T14:41:24+00:00","og_image":[{"width":700,"height":420,"url":"https:\/\/consuladogeral-angola.pt\/wp-content\/uploads\/2023\/03\/comunicados2.fwz_.fwp_.fw_.png","type":"image\/png"}],"author":"Filipe Quinta","twitter_card":"summary_large_image","twitter_misc":{"Written by":"Filipe Quinta","Estimated reading time":"1 minute"},"schema":{"@context":"https:\/\/schema.org","@graph":[{"@type":"Article","@id":"https:\/\/consuladogeral-angola.pt\/comunicados\/comunicado-de-encerramento-2\/#article","isPartOf":{"@id":"https:\/\/consuladogeral-angola.pt\/comunicados\/comunicado-de-encerramento-2\/"},"author":{"name":"Filipe Quinta","@id":"https:\/\/consuladogeral-angola.pt\/#\/schema\/person\/faa4fbfe99dfc0bd00ca9624a45d8186"},"headline":"COMUNICADO DE ENCERRAMENTO","datePublished":"2026-04-21T14:39:35+00:00","dateModified":"2026-04-21T14:41:24+00:00","mainEntityOfPage":{"@id":"https:\/\/consuladogeral-angola.pt\/comunicados\/comunicado-de-encerramento-2\/"},"wordCount":94,"image":{"@id":"https:\/\/consuladogeral-angola.pt\/comunicados\/comunicado-de-encerramento-2\/#primaryimage"},"thumbnailUrl":"https:\/\/consuladogeral-angola.pt\/wp-content\/uploads\/2023\/03\/comunicados2.fwz_.fwp_.fw_.png","articleSection":["Comunicados"],"inLanguage":"en-GB"},{"@type":"WebPage","@id":"https:\/\/consuladogeral-angola.pt\/comunicados\/comunicado-de-encerramento-2\/","url":"https:\/\/consuladogeral-angola.pt\/comunicados\/comunicado-de-encerramento-2\/","name":"COMUNICADO DE ENCERRAMENTO - Consulado Geral da Rep\u00fablica de Angola em Lisboa","isPartOf":{"@id":"https:\/\/consuladogeral-angola.pt\/#website"},"primaryImageOfPage":{"@id":"https:\/\/consuladogeral-angola.pt\/comunicados\/comunicado-de-encerramento-2\/#primaryimage"},"image":{"@id":"https:\/\/consuladogeral-angola.pt\/comunicados\/comunicado-de-encerramento-2\/#primaryimage"},"thumbnailUrl":"https:\/\/consuladogeral-angola.pt\/wp-content\/uploads\/2023\/03\/comunicados2.fwz_.fwp_.fw_.png","datePublished":"2026-04-21T14:39:35+00:00","dateModified":"2026-04-21T14:41:24+00:00","author":{"@id":"https:\/\/consuladogeral-angola.pt\/#\/schema\/person\/faa4fbfe99dfc0bd00ca9624a45d8186"},"breadcrumb":{"@id":"https:\/\/consuladogeral-angola.pt\/comunicados\/comunicado-de-encerramento-2\/#breadcrumb"},"inLanguage":"en-GB","potentialAction":[{"@type":"ReadAction","target":["https:\/\/consuladogeral-angola.pt\/comunicados\/comunicado-de-encerramento-2\/"]}]},{"@type":"ImageObject","inLanguage":"en-GB","@id":"https:\/\/consuladogeral-angola.pt\/comunicados\/comunicado-de-encerramento-2\/#primaryimage","url":"https:\/\/consuladogeral-angola.pt\/wp-content\/uploads\/2023\/03\/comunicados2.fwz_.fwp_.fw_.png","contentUrl":"https:\/\/consuladogeral-angola.pt\/wp-content\/uploads\/2023\/03\/comunicados2.fwz_.fwp_.fw_.png","width":700,"height":420},{"@type":"BreadcrumbList","@id":"https:\/\/consuladogeral-angola.pt\/comunicados\/comunicado-de-encerramento-2\/#breadcrumb","itemListElement":[{"@type":"ListItem","position":1,"name":"Home","item":"https:\/\/consuladogeral-angola.pt\/"},{"@type":"ListItem","position":2,"name":"COMUNICADO DE ENCERRAMENTO"}]},{"@type":"WebSite","@id":"https:\/\/consuladogeral-angola.pt\/#website","url":"https:\/\/consuladogeral-angola.pt\/","name":"Consulate General of the Republic of Angola in Lisbon","description":"","potentialAction":[{"@type":"SearchAction","target":{"@type":"EntryPoint","urlTemplate":"https:\/\/consuladogeral-angola.pt\/?s={search_term_string}"},"query-input":{"@type":"PropertyValueSpecification","valueRequired":true,"valueName":"search_term_string"}}],"inLanguage":"en-GB"},{"@type":"Person","@id":"https:\/\/consuladogeral-angola.pt\/#\/schema\/person\/faa4fbfe99dfc0bd00ca9624a45d8186","name":"Filipe Quinta","image":{"@type":"ImageObject","inLanguage":"en-GB","@id":"https:\/\/secure.gravatar.com\/avatar\/b75e7a5e497db487209eb5fc686f25e7210c8b4c0d06b20b64d158ad395f74ac?s=96&d=mm&r=g","url":"https:\/\/secure.gravatar.com\/avatar\/b75e7a5e497db487209eb5fc686f25e7210c8b4c0d06b20b64d158ad395f74ac?s=96&d=mm&r=g","contentUrl":"https:\/\/secure.gravatar.com\/avatar\/b75e7a5e497db487209eb5fc686f25e7210c8b4c0d06b20b64d158ad395f74ac?s=96&d=mm&r=g","caption":"Filipe Quinta"},"sameAs":["https:\/\/consuladogeral-angola.pt\/"],"url":"https:\/\/consuladogeral-angola.pt\/en\/author\/filipe-quinta\/"}]}},"_links":{"self":[{"href":"https:\/\/consuladogeral-angola.pt\/en\/wp-json\/wp\/v2\/posts\/1555","targetHints":{"allow":["GET"]}}],"collection":[{"href":"https:\/\/consuladogeral-angola.pt\/en\/wp-json\/wp\/v2\/posts"}],"about":[{"href":"https:\/\/consuladogeral-angola.pt\/en\/wp-json\/wp\/v2\/types\/post"}],"author":[{"embeddable":true,"href":"https:\/\/consuladogeral-angola.pt\/en\/wp-json\/wp\/v2\/users\/4"}],"replies":[{"embeddable":true,"href":"https:\/\/consuladogeral-angola.pt\/en\/wp-json\/wp\/v2\/comments?post=1555"}],"version-history":[{"count":57,"href":"https:\/\/consuladogeral-angola.pt\/en\/wp-json\/wp\/v2\/posts\/1555\/revisions"}],"predecessor-version":[{"id":3883,"href":"https:\/\/consuladogeral-angola.pt\/en\/wp-json\/wp\/v2\/posts\/1555\/revisions\/3883"}],"wp:featuredmedia":[{"embeddable":true,"href":"https:\/\/consuladogeral-angola.pt\/en\/wp-json\/wp\/v2\/media\/2780"}],"wp:attachment":[{"href":"https:\/\/consuladogeral-angola.pt\/en\/wp-json\/wp\/v2\/media?parent=1555"}],"wp:term":[{"taxonomy":"category","embeddable":true,"href":"https:\/\/consuladogeral-angola.pt\/en\/wp-json\/wp\/v2\/categories?post=1555"},{"taxonomy":"post_tag","embeddable":true,"href":"https:\/\/consuladogeral-angola.pt\/en\/wp-json\/wp\/v2\/tags?post=1555"}],"curies":[{"name":"wp","href":"https:\/\/api.w.org\/{rel}","templated":true}]}}