{"id":2866,"date":"2023-05-02T10:10:26","date_gmt":"2023-05-02T10:10:26","guid":{"rendered":"https:\/\/consuladogeral-angola.pt\/?p=2866"},"modified":"2025-07-17T16:12:53","modified_gmt":"2025-07-17T16:12:53","slug":"consul-chama-angolanos-a-juntar-sinergias-para-preservacao-da-paz","status":"publish","type":"post","link":"https:\/\/consuladogeral-angola.pt\/en\/noticias\/consul-chama-angolanos-a-juntar-sinergias-para-preservacao-da-paz\/","title":{"rendered":"C\u00f4nsul chama angolanos a juntar sinergias para preserva\u00e7\u00e3o da paz"},"content":{"rendered":"<p>Lisboa (Da correspondente) &#8211; A c\u00f4nsul geral de Angola em Lisboa,Portugal, Vic\u00eancia de Brito, apelou, s\u00e1bado, aos angolanos a juntarem sinergias para preservar a paz e manter um ambiente harmonioso.<\/p>\n\n\n\n<p>Vic\u00eancia de Brito, que falava num culto ecum\u00e9nico com diferentes congrega\u00e7\u00f5es religiosas angolanas, sedeadas em Portugal, a favor do 4 de Abril, Dia da Paz e da Reconcilia\u00e7\u00e3o Nacional, sublinhou que a data assinala o silenciar das armas, raz\u00e3o pela qual deve ser entendido como um marco de toler\u00e2ncia e magnanimidade.<\/p>\n\n\n\n<p>Por isso, real\u00e7ou, esta efem\u00e9ride \u00e9 tamb\u00e9m moderadora, que exorta a todos, imbu\u00eddos dos valores e princ\u00edpios que alicer\u00e7am a coes\u00e3o nacional, a refor\u00e7ar a consci\u00eancia de que Angola \u00e9 de todos.<\/p>\n\n\n\n<p>\u201c A democracia \u00e9 t\u00e3o importante para a paz e desenvolvimento, do mesmo modo que a paz e desenvolvimento s\u00e3o necess\u00e1rios para a democracia\u201d, asseverou.<\/p>\n\n\n\n<p>Por sua vez, &nbsp;o pastor da Igreja Adonai, Am\u00e9rico Marques, deve-se &nbsp;trabalhar para que a obra da paz continue firme, pois \u00e9 um bem de todos os cidad\u00e3os.<\/p>\n\n\n\n<p>No evento, em que estiveram presentes diplomatas angolanos acreditados em Portugal, membros de associa\u00e7\u00f5es juvenis, destacou-se tamb\u00e9m a presen\u00e7a de uma dezena de igrejas, entre elas a Cat\u00f3lica e mais de 500 pessoas.EJM\/AC<\/p>","protected":false},"excerpt":{"rendered":"<p>Lisboa (Da correspondente) &#8211; A c\u00f4nsul geral de Angola em Lisboa,Portugal, Vic\u00eancia de Brito, apelou, s\u00e1bado, aos angolanos a juntarem sinergias para preservar a paz e manter um ambiente harmonioso. Vic\u00eancia de Brito, que falava num culto ecum\u00e9nico com diferentes congrega\u00e7\u00f5es religiosas angolanas, sedeadas em Portugal, a favor do 4 de Abril, Dia da Paz e da Reconcilia\u00e7\u00e3o Nacional, sublinhou que a data assinala o silenciar das armas, raz\u00e3o pela qual deve ser entendido como um marco de toler\u00e2ncia e [&hellip;]<\/p>\n","protected":false},"author":3,"featured_media":2867,"comment_status":"closed","ping_status":"open","sticky":false,"template":"","format":"standard","meta":{"_acf_changed":false,"footnotes":""},"categories":[3],"tags":[],"class_list":["post-2866","post","type-post","status-publish","format-standard","has-post-thumbnail","hentry","category-noticias"],"acf":[],"yoast_head":"<!-- This site is optimized with the Yoast SEO plugin v27.4 - https:\/\/yoast.com\/product\/yoast-seo-wordpress\/ -->\n<title>C\u00f4nsul chama angolanos a juntar sinergias para preserva\u00e7\u00e3o da paz - Consulado Geral da Rep\u00fablica de Angola em Lisboa<\/title>\n<meta name=\"robots\" content=\"index, follow, max-snippet:-1, max-image-preview:large, max-video-preview:-1\" \/>\n<link rel=\"canonical\" href=\"https:\/\/consuladogeral-angola.pt\/en\/noticias\/consul-chama-angolanos-a-juntar-sinergias-para-preservacao-da-paz\/\" \/>\n<meta property=\"og:locale\" content=\"en_GB\" \/>\n<meta property=\"og:type\" content=\"article\" \/>\n<meta property=\"og:title\" content=\"C\u00f4nsul chama angolanos a juntar sinergias para preserva\u00e7\u00e3o da paz - Consulado Geral da Rep\u00fablica de Angola em Lisboa\" \/>\n<meta property=\"og:description\" content=\"Lisboa (Da correspondente) &#8211; A c\u00f4nsul geral de Angola em Lisboa,Portugal, Vic\u00eancia de Brito, apelou, s\u00e1bado, aos angolanos a juntarem sinergias para preservar a paz e manter um ambiente harmonioso. Vic\u00eancia de Brito, que falava num culto ecum\u00e9nico com diferentes congrega\u00e7\u00f5es religiosas angolanas, sedeadas em Portugal, a favor do 4 de Abril, Dia da Paz e da Reconcilia\u00e7\u00e3o Nacional, sublinhou que a data assinala o silenciar das armas, raz\u00e3o pela qual deve ser entendido como um marco de toler\u00e2ncia e [&hellip;]\" \/>\n<meta property=\"og:url\" content=\"https:\/\/consuladogeral-angola.pt\/en\/noticias\/consul-chama-angolanos-a-juntar-sinergias-para-preservacao-da-paz\/\" \/>\n<meta property=\"og:site_name\" content=\"Consulado Geral da Rep\u00fablica de Angola em Lisboa\" \/>\n<meta property=\"article:published_time\" content=\"2023-05-02T10:10:26+00:00\" \/>\n<meta property=\"article:modified_time\" content=\"2025-07-17T16:12:53+00:00\" \/>\n<meta property=\"og:image\" content=\"https:\/\/consuladogeral-angola.pt\/wp-content\/uploads\/2023\/05\/65476381_1006.jpg\" \/>\n\t<meta property=\"og:image:width\" content=\"1600\" \/>\n\t<meta property=\"og:image:height\" content=\"700\" \/>\n\t<meta property=\"og:image:type\" content=\"image\/jpeg\" \/>\n<meta name=\"author\" content=\"cagLisboa\" \/>\n<meta name=\"twitter:card\" content=\"summary_large_image\" \/>\n<meta name=\"twitter:label1\" content=\"Written by\" \/>\n\t<meta name=\"twitter:data1\" content=\"cagLisboa\" \/>\n\t<meta name=\"twitter:label2\" content=\"Estimated reading time\" \/>\n\t<meta name=\"twitter:data2\" content=\"1 minute\" \/>\n<script type=\"application\/ld+json\" class=\"yoast-schema-graph\">{\"@context\":\"https:\\\/\\\/schema.org\",\"@graph\":[{\"@type\":\"Article\",\"@id\":\"https:\\\/\\\/consuladogeral-angola.pt\\\/noticias\\\/consul-chama-angolanos-a-juntar-sinergias-para-preservacao-da-paz\\\/#article\",\"isPartOf\":{\"@id\":\"https:\\\/\\\/consuladogeral-angola.pt\\\/noticias\\\/consul-chama-angolanos-a-juntar-sinergias-para-preservacao-da-paz\\\/\"},\"author\":{\"name\":\"cagLisboa\",\"@id\":\"https:\\\/\\\/consuladogeral-angola.pt\\\/#\\\/schema\\\/person\\\/f514fb95835b32a9aa7be9b8a8a12afa\"},\"headline\":\"C\u00f4nsul chama angolanos a juntar sinergias para preserva\u00e7\u00e3o da paz\",\"datePublished\":\"2023-05-02T10:10:26+00:00\",\"dateModified\":\"2025-07-17T16:12:53+00:00\",\"mainEntityOfPage\":{\"@id\":\"https:\\\/\\\/consuladogeral-angola.pt\\\/noticias\\\/consul-chama-angolanos-a-juntar-sinergias-para-preservacao-da-paz\\\/\"},\"wordCount\":236,\"image\":{\"@id\":\"https:\\\/\\\/consuladogeral-angola.pt\\\/noticias\\\/consul-chama-angolanos-a-juntar-sinergias-para-preservacao-da-paz\\\/#primaryimage\"},\"thumbnailUrl\":\"https:\\\/\\\/consuladogeral-angola.pt\\\/wp-content\\\/uploads\\\/2023\\\/05\\\/65476381_1006.jpg\",\"articleSection\":[\"Not\u00edcias\"],\"inLanguage\":\"en-GB\"},{\"@type\":\"WebPage\",\"@id\":\"https:\\\/\\\/consuladogeral-angola.pt\\\/noticias\\\/consul-chama-angolanos-a-juntar-sinergias-para-preservacao-da-paz\\\/\",\"url\":\"https:\\\/\\\/consuladogeral-angola.pt\\\/noticias\\\/consul-chama-angolanos-a-juntar-sinergias-para-preservacao-da-paz\\\/\",\"name\":\"C\u00f4nsul chama angolanos a juntar sinergias para preserva\u00e7\u00e3o da paz - Consulado Geral da Rep\u00fablica de Angola em Lisboa\",\"isPartOf\":{\"@id\":\"https:\\\/\\\/consuladogeral-angola.pt\\\/#website\"},\"primaryImageOfPage\":{\"@id\":\"https:\\\/\\\/consuladogeral-angola.pt\\\/noticias\\\/consul-chama-angolanos-a-juntar-sinergias-para-preservacao-da-paz\\\/#primaryimage\"},\"image\":{\"@id\":\"https:\\\/\\\/consuladogeral-angola.pt\\\/noticias\\\/consul-chama-angolanos-a-juntar-sinergias-para-preservacao-da-paz\\\/#primaryimage\"},\"thumbnailUrl\":\"https:\\\/\\\/consuladogeral-angola.pt\\\/wp-content\\\/uploads\\\/2023\\\/05\\\/65476381_1006.jpg\",\"datePublished\":\"2023-05-02T10:10:26+00:00\",\"dateModified\":\"2025-07-17T16:12:53+00:00\",\"author\":{\"@id\":\"https:\\\/\\\/consuladogeral-angola.pt\\\/#\\\/schema\\\/person\\\/f514fb95835b32a9aa7be9b8a8a12afa\"},\"breadcrumb\":{\"@id\":\"https:\\\/\\\/consuladogeral-angola.pt\\\/noticias\\\/consul-chama-angolanos-a-juntar-sinergias-para-preservacao-da-paz\\\/#breadcrumb\"},\"inLanguage\":\"en-GB\",\"potentialAction\":[{\"@type\":\"ReadAction\",\"target\":[\"https:\\\/\\\/consuladogeral-angola.pt\\\/noticias\\\/consul-chama-angolanos-a-juntar-sinergias-para-preservacao-da-paz\\\/\"]}]},{\"@type\":\"ImageObject\",\"inLanguage\":\"en-GB\",\"@id\":\"https:\\\/\\\/consuladogeral-angola.pt\\\/noticias\\\/consul-chama-angolanos-a-juntar-sinergias-para-preservacao-da-paz\\\/#primaryimage\",\"url\":\"https:\\\/\\\/consuladogeral-angola.pt\\\/wp-content\\\/uploads\\\/2023\\\/05\\\/65476381_1006.jpg\",\"contentUrl\":\"https:\\\/\\\/consuladogeral-angola.pt\\\/wp-content\\\/uploads\\\/2023\\\/05\\\/65476381_1006.jpg\",\"width\":1600,\"height\":700},{\"@type\":\"BreadcrumbList\",\"@id\":\"https:\\\/\\\/consuladogeral-angola.pt\\\/noticias\\\/consul-chama-angolanos-a-juntar-sinergias-para-preservacao-da-paz\\\/#breadcrumb\",\"itemListElement\":[{\"@type\":\"ListItem\",\"position\":1,\"name\":\"Home\",\"item\":\"https:\\\/\\\/consuladogeral-angola.pt\\\/\"},{\"@type\":\"ListItem\",\"position\":2,\"name\":\"C\u00f4nsul chama angolanos a juntar sinergias para preserva\u00e7\u00e3o da paz\"}]},{\"@type\":\"WebSite\",\"@id\":\"https:\\\/\\\/consuladogeral-angola.pt\\\/#website\",\"url\":\"https:\\\/\\\/consuladogeral-angola.pt\\\/\",\"name\":\"Consulado Geral da Rep\u00fablica de Angola em Lisboa\",\"description\":\"\",\"potentialAction\":[{\"@type\":\"SearchAction\",\"target\":{\"@type\":\"EntryPoint\",\"urlTemplate\":\"https:\\\/\\\/consuladogeral-angola.pt\\\/?s={search_term_string}\"},\"query-input\":{\"@type\":\"PropertyValueSpecification\",\"valueRequired\":true,\"valueName\":\"search_term_string\"}}],\"inLanguage\":\"en-GB\"},{\"@type\":\"Person\",\"@id\":\"https:\\\/\\\/consuladogeral-angola.pt\\\/#\\\/schema\\\/person\\\/f514fb95835b32a9aa7be9b8a8a12afa\",\"name\":\"cagLisboa\",\"image\":{\"@type\":\"ImageObject\",\"inLanguage\":\"en-GB\",\"@id\":\"https:\\\/\\\/secure.gravatar.com\\\/avatar\\\/93722c48d19e8656364246bf57f794ae613e2b2696d019e2f3a8a9e5d9d584d4?s=96&d=mm&r=g\",\"url\":\"https:\\\/\\\/secure.gravatar.com\\\/avatar\\\/93722c48d19e8656364246bf57f794ae613e2b2696d019e2f3a8a9e5d9d584d4?s=96&d=mm&r=g\",\"contentUrl\":\"https:\\\/\\\/secure.gravatar.com\\\/avatar\\\/93722c48d19e8656364246bf57f794ae613e2b2696d019e2f3a8a9e5d9d584d4?s=96&d=mm&r=g\",\"caption\":\"cagLisboa\"},\"url\":\"https:\\\/\\\/consuladogeral-angola.pt\\\/en\\\/author\\\/caglisboa\\\/\"}]}<\/script>\n<!-- \/ Yoast SEO plugin. -->","yoast_head_json":{"title":"C\u00f4nsul chama angolanos a juntar sinergias para preserva\u00e7\u00e3o da paz - Consulado Geral da Rep\u00fablica de Angola em Lisboa","robots":{"index":"index","follow":"follow","max-snippet":"max-snippet:-1","max-image-preview":"max-image-preview:large","max-video-preview":"max-video-preview:-1"},"canonical":"https:\/\/consuladogeral-angola.pt\/en\/noticias\/consul-chama-angolanos-a-juntar-sinergias-para-preservacao-da-paz\/","og_locale":"en_GB","og_type":"article","og_title":"C\u00f4nsul chama angolanos a juntar sinergias para preserva\u00e7\u00e3o da paz - Consulado Geral da Rep\u00fablica de Angola em Lisboa","og_description":"Lisboa (Da correspondente) &#8211; A c\u00f4nsul geral de Angola em Lisboa,Portugal, Vic\u00eancia de Brito, apelou, s\u00e1bado, aos angolanos a juntarem sinergias para preservar a paz e manter um ambiente harmonioso. Vic\u00eancia de Brito, que falava num culto ecum\u00e9nico com diferentes congrega\u00e7\u00f5es religiosas angolanas, sedeadas em Portugal, a favor do 4 de Abril, Dia da Paz e da Reconcilia\u00e7\u00e3o Nacional, sublinhou que a data assinala o silenciar das armas, raz\u00e3o pela qual deve ser entendido como um marco de toler\u00e2ncia e [&hellip;]","og_url":"https:\/\/consuladogeral-angola.pt\/en\/noticias\/consul-chama-angolanos-a-juntar-sinergias-para-preservacao-da-paz\/","og_site_name":"Consulado Geral da Rep\u00fablica de Angola em Lisboa","article_published_time":"2023-05-02T10:10:26+00:00","article_modified_time":"2025-07-17T16:12:53+00:00","og_image":[{"width":1600,"height":700,"url":"https:\/\/consuladogeral-angola.pt\/wp-content\/uploads\/2023\/05\/65476381_1006.jpg","type":"image\/jpeg"}],"author":"cagLisboa","twitter_card":"summary_large_image","twitter_misc":{"Written by":"cagLisboa","Estimated reading time":"1 minute"},"schema":{"@context":"https:\/\/schema.org","@graph":[{"@type":"Article","@id":"https:\/\/consuladogeral-angola.pt\/noticias\/consul-chama-angolanos-a-juntar-sinergias-para-preservacao-da-paz\/#article","isPartOf":{"@id":"https:\/\/consuladogeral-angola.pt\/noticias\/consul-chama-angolanos-a-juntar-sinergias-para-preservacao-da-paz\/"},"author":{"name":"cagLisboa","@id":"https:\/\/consuladogeral-angola.pt\/#\/schema\/person\/f514fb95835b32a9aa7be9b8a8a12afa"},"headline":"C\u00f4nsul chama angolanos a juntar sinergias para preserva\u00e7\u00e3o da paz","datePublished":"2023-05-02T10:10:26+00:00","dateModified":"2025-07-17T16:12:53+00:00","mainEntityOfPage":{"@id":"https:\/\/consuladogeral-angola.pt\/noticias\/consul-chama-angolanos-a-juntar-sinergias-para-preservacao-da-paz\/"},"wordCount":236,"image":{"@id":"https:\/\/consuladogeral-angola.pt\/noticias\/consul-chama-angolanos-a-juntar-sinergias-para-preservacao-da-paz\/#primaryimage"},"thumbnailUrl":"https:\/\/consuladogeral-angola.pt\/wp-content\/uploads\/2023\/05\/65476381_1006.jpg","articleSection":["Not\u00edcias"],"inLanguage":"en-GB"},{"@type":"WebPage","@id":"https:\/\/consuladogeral-angola.pt\/noticias\/consul-chama-angolanos-a-juntar-sinergias-para-preservacao-da-paz\/","url":"https:\/\/consuladogeral-angola.pt\/noticias\/consul-chama-angolanos-a-juntar-sinergias-para-preservacao-da-paz\/","name":"C\u00f4nsul chama angolanos a juntar sinergias para preserva\u00e7\u00e3o da paz - Consulado Geral da Rep\u00fablica de Angola em Lisboa","isPartOf":{"@id":"https:\/\/consuladogeral-angola.pt\/#website"},"primaryImageOfPage":{"@id":"https:\/\/consuladogeral-angola.pt\/noticias\/consul-chama-angolanos-a-juntar-sinergias-para-preservacao-da-paz\/#primaryimage"},"image":{"@id":"https:\/\/consuladogeral-angola.pt\/noticias\/consul-chama-angolanos-a-juntar-sinergias-para-preservacao-da-paz\/#primaryimage"},"thumbnailUrl":"https:\/\/consuladogeral-angola.pt\/wp-content\/uploads\/2023\/05\/65476381_1006.jpg","datePublished":"2023-05-02T10:10:26+00:00","dateModified":"2025-07-17T16:12:53+00:00","author":{"@id":"https:\/\/consuladogeral-angola.pt\/#\/schema\/person\/f514fb95835b32a9aa7be9b8a8a12afa"},"breadcrumb":{"@id":"https:\/\/consuladogeral-angola.pt\/noticias\/consul-chama-angolanos-a-juntar-sinergias-para-preservacao-da-paz\/#breadcrumb"},"inLanguage":"en-GB","potentialAction":[{"@type":"ReadAction","target":["https:\/\/consuladogeral-angola.pt\/noticias\/consul-chama-angolanos-a-juntar-sinergias-para-preservacao-da-paz\/"]}]},{"@type":"ImageObject","inLanguage":"en-GB","@id":"https:\/\/consuladogeral-angola.pt\/noticias\/consul-chama-angolanos-a-juntar-sinergias-para-preservacao-da-paz\/#primaryimage","url":"https:\/\/consuladogeral-angola.pt\/wp-content\/uploads\/2023\/05\/65476381_1006.jpg","contentUrl":"https:\/\/consuladogeral-angola.pt\/wp-content\/uploads\/2023\/05\/65476381_1006.jpg","width":1600,"height":700},{"@type":"BreadcrumbList","@id":"https:\/\/consuladogeral-angola.pt\/noticias\/consul-chama-angolanos-a-juntar-sinergias-para-preservacao-da-paz\/#breadcrumb","itemListElement":[{"@type":"ListItem","position":1,"name":"Home","item":"https:\/\/consuladogeral-angola.pt\/"},{"@type":"ListItem","position":2,"name":"C\u00f4nsul chama angolanos a juntar sinergias para preserva\u00e7\u00e3o da paz"}]},{"@type":"WebSite","@id":"https:\/\/consuladogeral-angola.pt\/#website","url":"https:\/\/consuladogeral-angola.pt\/","name":"Consulate General of the Republic of Angola in Lisbon","description":"","potentialAction":[{"@type":"SearchAction","target":{"@type":"EntryPoint","urlTemplate":"https:\/\/consuladogeral-angola.pt\/?s={search_term_string}"},"query-input":{"@type":"PropertyValueSpecification","valueRequired":true,"valueName":"search_term_string"}}],"inLanguage":"en-GB"},{"@type":"Person","@id":"https:\/\/consuladogeral-angola.pt\/#\/schema\/person\/f514fb95835b32a9aa7be9b8a8a12afa","name":"cagLisboa","image":{"@type":"ImageObject","inLanguage":"en-GB","@id":"https:\/\/secure.gravatar.com\/avatar\/93722c48d19e8656364246bf57f794ae613e2b2696d019e2f3a8a9e5d9d584d4?s=96&d=mm&r=g","url":"https:\/\/secure.gravatar.com\/avatar\/93722c48d19e8656364246bf57f794ae613e2b2696d019e2f3a8a9e5d9d584d4?s=96&d=mm&r=g","contentUrl":"https:\/\/secure.gravatar.com\/avatar\/93722c48d19e8656364246bf57f794ae613e2b2696d019e2f3a8a9e5d9d584d4?s=96&d=mm&r=g","caption":"cagLisboa"},"url":"https:\/\/consuladogeral-angola.pt\/en\/author\/caglisboa\/"}]}},"_links":{"self":[{"href":"https:\/\/consuladogeral-angola.pt\/en\/wp-json\/wp\/v2\/posts\/2866","targetHints":{"allow":["GET"]}}],"collection":[{"href":"https:\/\/consuladogeral-angola.pt\/en\/wp-json\/wp\/v2\/posts"}],"about":[{"href":"https:\/\/consuladogeral-angola.pt\/en\/wp-json\/wp\/v2\/types\/post"}],"author":[{"embeddable":true,"href":"https:\/\/consuladogeral-angola.pt\/en\/wp-json\/wp\/v2\/users\/3"}],"replies":[{"embeddable":true,"href":"https:\/\/consuladogeral-angola.pt\/en\/wp-json\/wp\/v2\/comments?post=2866"}],"version-history":[{"count":3,"href":"https:\/\/consuladogeral-angola.pt\/en\/wp-json\/wp\/v2\/posts\/2866\/revisions"}],"predecessor-version":[{"id":2870,"href":"https:\/\/consuladogeral-angola.pt\/en\/wp-json\/wp\/v2\/posts\/2866\/revisions\/2870"}],"wp:featuredmedia":[{"embeddable":true,"href":"https:\/\/consuladogeral-angola.pt\/en\/wp-json\/wp\/v2\/media\/2867"}],"wp:attachment":[{"href":"https:\/\/consuladogeral-angola.pt\/en\/wp-json\/wp\/v2\/media?parent=2866"}],"wp:term":[{"taxonomy":"category","embeddable":true,"href":"https:\/\/consuladogeral-angola.pt\/en\/wp-json\/wp\/v2\/categories?post=2866"},{"taxonomy":"post_tag","embeddable":true,"href":"https:\/\/consuladogeral-angola.pt\/en\/wp-json\/wp\/v2\/tags?post=2866"}],"curies":[{"name":"wp","href":"https:\/\/api.w.org\/{rel}","templated":true}]}}