{"id":2881,"date":"2023-05-05T09:45:52","date_gmt":"2023-05-05T09:45:52","guid":{"rendered":"https:\/\/consuladogeral-angola.pt\/?p=2881"},"modified":"2025-07-17T16:12:52","modified_gmt":"2025-07-17T16:12:52","slug":"diplo-news-abril","status":"publish","type":"post","link":"https:\/\/consuladogeral-angola.pt\/en\/noticias\/diplo-news-abril\/","title":{"rendered":"Diplo News Abril"},"content":{"rendered":"<p>A Rep\u00fablica de Angola e a Rep\u00fablica da \u00c1ustria manifestaram no dia 25 de Abril, em Luanda, o interesse de imprimir um novo \u00edmpeto \u00e0s rela\u00e7\u00f5es bilaterais entre os dois pa\u00edses.<br>Esta disposi\u00e7\u00e3o foi manifestada durante a Visita Oficial de 48 horas que Sua Excel\u00eancia Karl Nehammer, Chanceler da \u00c1ustria, efectuou a Luanda a convite de Sua Excel\u00eancia Jo\u00e3o Manuel Gon\u00e7alves Louren\u00e7o, Presidente da Rep\u00fablica de Angola.<br>Os dois pa\u00edses participaram num f\u00f3rum empresarial que reuniu homens de neg\u00f3cios de Angola e da \u00c1ustria.<\/p>","protected":false},"excerpt":{"rendered":"<p>A Rep\u00fablica de Angola e a Rep\u00fablica da \u00c1ustria manifestaram no dia 25 de Abril, em Luanda, o interesse de imprimir um novo \u00edmpeto \u00e0s rela\u00e7\u00f5es bilaterais entre os dois pa\u00edses.<br \/>\nEsta disposi\u00e7\u00e3o foi manifestada durante a Visita Oficial de 48 horas que Sua Excel\u00eancia Karl Nehammer, Chanceler da \u00c1ustria, efectuou a Luanda a convite de Sua Excel\u00eancia Jo\u00e3o Manuel Gon\u00e7alves Louren\u00e7o, Presidente da Rep\u00fablica de Angola.<br \/>\nOs dois pa\u00edses participaram num f\u00f3rum empresarial que reuniu homens de neg\u00f3cios de Angola e da \u00c1ustria.<\/p>","protected":false},"author":3,"featured_media":2880,"comment_status":"closed","ping_status":"open","sticky":false,"template":"","format":"standard","meta":{"_acf_changed":false,"footnotes":""},"categories":[3],"tags":[],"class_list":["post-2881","post","type-post","status-publish","format-standard","has-post-thumbnail","hentry","category-noticias"],"acf":[],"yoast_head":"<!-- This site is optimized with the Yoast SEO plugin v27.4 - https:\/\/yoast.com\/product\/yoast-seo-wordpress\/ -->\n<title>Diplo News Abril - Consulado Geral da Rep\u00fablica de Angola em Lisboa<\/title>\n<meta name=\"robots\" content=\"index, follow, max-snippet:-1, max-image-preview:large, max-video-preview:-1\" \/>\n<link rel=\"canonical\" href=\"https:\/\/consuladogeral-angola.pt\/en\/noticias\/diplo-news-abril\/\" \/>\n<meta property=\"og:locale\" content=\"en_GB\" \/>\n<meta property=\"og:type\" content=\"article\" \/>\n<meta property=\"og:title\" content=\"Diplo News Abril - Consulado Geral da Rep\u00fablica de Angola em Lisboa\" \/>\n<meta property=\"og:description\" content=\"A Rep\u00fablica de Angola e a Rep\u00fablica da \u00c1ustria manifestaram no dia 25 de Abril, em Luanda, o interesse de imprimir um novo \u00edmpeto \u00e0s rela\u00e7\u00f5es bilaterais entre os dois pa\u00edses. Esta disposi\u00e7\u00e3o foi manifestada durante a Visita Oficial de 48 horas que Sua Excel\u00eancia Karl Nehammer, Chanceler da \u00c1ustria, efectuou a Luanda a convite de Sua Excel\u00eancia Jo\u00e3o Manuel Gon\u00e7alves Louren\u00e7o, Presidente da Rep\u00fablica de Angola. Os dois pa\u00edses participaram num f\u00f3rum empresarial que reuniu homens de neg\u00f3cios de Angola e da \u00c1ustria.\" \/>\n<meta property=\"og:url\" content=\"https:\/\/consuladogeral-angola.pt\/en\/noticias\/diplo-news-abril\/\" \/>\n<meta property=\"og:site_name\" content=\"Consulado Geral da Rep\u00fablica de Angola em Lisboa\" \/>\n<meta property=\"article:published_time\" content=\"2023-05-05T09:45:52+00:00\" \/>\n<meta property=\"article:modified_time\" content=\"2025-07-17T16:12:52+00:00\" \/>\n<meta property=\"og:image\" content=\"https:\/\/consuladogeral-angola.pt\/wp-content\/uploads\/2023\/05\/DP.png\" \/>\n\t<meta property=\"og:image:width\" content=\"794\" \/>\n\t<meta property=\"og:image:height\" content=\"472\" \/>\n\t<meta property=\"og:image:type\" content=\"image\/png\" \/>\n<meta name=\"author\" content=\"cagLisboa\" \/>\n<meta name=\"twitter:card\" content=\"summary_large_image\" \/>\n<meta name=\"twitter:label1\" content=\"Written by\" \/>\n\t<meta name=\"twitter:data1\" content=\"cagLisboa\" \/>\n<script type=\"application\/ld+json\" class=\"yoast-schema-graph\">{\"@context\":\"https:\\\/\\\/schema.org\",\"@graph\":[{\"@type\":\"Article\",\"@id\":\"https:\\\/\\\/consuladogeral-angola.pt\\\/noticias\\\/diplo-news-abril\\\/#article\",\"isPartOf\":{\"@id\":\"https:\\\/\\\/consuladogeral-angola.pt\\\/noticias\\\/diplo-news-abril\\\/\"},\"author\":{\"name\":\"cagLisboa\",\"@id\":\"https:\\\/\\\/consuladogeral-angola.pt\\\/#\\\/schema\\\/person\\\/f514fb95835b32a9aa7be9b8a8a12afa\"},\"headline\":\"Diplo News Abril\",\"datePublished\":\"2023-05-05T09:45:52+00:00\",\"dateModified\":\"2025-07-17T16:12:52+00:00\",\"mainEntityOfPage\":{\"@id\":\"https:\\\/\\\/consuladogeral-angola.pt\\\/noticias\\\/diplo-news-abril\\\/\"},\"wordCount\":99,\"image\":{\"@id\":\"https:\\\/\\\/consuladogeral-angola.pt\\\/noticias\\\/diplo-news-abril\\\/#primaryimage\"},\"thumbnailUrl\":\"https:\\\/\\\/consuladogeral-angola.pt\\\/wp-content\\\/uploads\\\/2023\\\/05\\\/DP.png\",\"articleSection\":[\"Not\u00edcias\"],\"inLanguage\":\"en-GB\"},{\"@type\":\"WebPage\",\"@id\":\"https:\\\/\\\/consuladogeral-angola.pt\\\/noticias\\\/diplo-news-abril\\\/\",\"url\":\"https:\\\/\\\/consuladogeral-angola.pt\\\/noticias\\\/diplo-news-abril\\\/\",\"name\":\"Diplo News Abril - Consulado Geral da Rep\u00fablica de Angola em Lisboa\",\"isPartOf\":{\"@id\":\"https:\\\/\\\/consuladogeral-angola.pt\\\/#website\"},\"primaryImageOfPage\":{\"@id\":\"https:\\\/\\\/consuladogeral-angola.pt\\\/noticias\\\/diplo-news-abril\\\/#primaryimage\"},\"image\":{\"@id\":\"https:\\\/\\\/consuladogeral-angola.pt\\\/noticias\\\/diplo-news-abril\\\/#primaryimage\"},\"thumbnailUrl\":\"https:\\\/\\\/consuladogeral-angola.pt\\\/wp-content\\\/uploads\\\/2023\\\/05\\\/DP.png\",\"datePublished\":\"2023-05-05T09:45:52+00:00\",\"dateModified\":\"2025-07-17T16:12:52+00:00\",\"author\":{\"@id\":\"https:\\\/\\\/consuladogeral-angola.pt\\\/#\\\/schema\\\/person\\\/f514fb95835b32a9aa7be9b8a8a12afa\"},\"breadcrumb\":{\"@id\":\"https:\\\/\\\/consuladogeral-angola.pt\\\/noticias\\\/diplo-news-abril\\\/#breadcrumb\"},\"inLanguage\":\"en-GB\",\"potentialAction\":[{\"@type\":\"ReadAction\",\"target\":[\"https:\\\/\\\/consuladogeral-angola.pt\\\/noticias\\\/diplo-news-abril\\\/\"]}]},{\"@type\":\"ImageObject\",\"inLanguage\":\"en-GB\",\"@id\":\"https:\\\/\\\/consuladogeral-angola.pt\\\/noticias\\\/diplo-news-abril\\\/#primaryimage\",\"url\":\"https:\\\/\\\/consuladogeral-angola.pt\\\/wp-content\\\/uploads\\\/2023\\\/05\\\/DP.png\",\"contentUrl\":\"https:\\\/\\\/consuladogeral-angola.pt\\\/wp-content\\\/uploads\\\/2023\\\/05\\\/DP.png\",\"width\":794,\"height\":472},{\"@type\":\"BreadcrumbList\",\"@id\":\"https:\\\/\\\/consuladogeral-angola.pt\\\/noticias\\\/diplo-news-abril\\\/#breadcrumb\",\"itemListElement\":[{\"@type\":\"ListItem\",\"position\":1,\"name\":\"Home\",\"item\":\"https:\\\/\\\/consuladogeral-angola.pt\\\/\"},{\"@type\":\"ListItem\",\"position\":2,\"name\":\"Diplo News Abril\"}]},{\"@type\":\"WebSite\",\"@id\":\"https:\\\/\\\/consuladogeral-angola.pt\\\/#website\",\"url\":\"https:\\\/\\\/consuladogeral-angola.pt\\\/\",\"name\":\"Consulado Geral da Rep\u00fablica de Angola em Lisboa\",\"description\":\"\",\"potentialAction\":[{\"@type\":\"SearchAction\",\"target\":{\"@type\":\"EntryPoint\",\"urlTemplate\":\"https:\\\/\\\/consuladogeral-angola.pt\\\/?s={search_term_string}\"},\"query-input\":{\"@type\":\"PropertyValueSpecification\",\"valueRequired\":true,\"valueName\":\"search_term_string\"}}],\"inLanguage\":\"en-GB\"},{\"@type\":\"Person\",\"@id\":\"https:\\\/\\\/consuladogeral-angola.pt\\\/#\\\/schema\\\/person\\\/f514fb95835b32a9aa7be9b8a8a12afa\",\"name\":\"cagLisboa\",\"image\":{\"@type\":\"ImageObject\",\"inLanguage\":\"en-GB\",\"@id\":\"https:\\\/\\\/secure.gravatar.com\\\/avatar\\\/93722c48d19e8656364246bf57f794ae613e2b2696d019e2f3a8a9e5d9d584d4?s=96&d=mm&r=g\",\"url\":\"https:\\\/\\\/secure.gravatar.com\\\/avatar\\\/93722c48d19e8656364246bf57f794ae613e2b2696d019e2f3a8a9e5d9d584d4?s=96&d=mm&r=g\",\"contentUrl\":\"https:\\\/\\\/secure.gravatar.com\\\/avatar\\\/93722c48d19e8656364246bf57f794ae613e2b2696d019e2f3a8a9e5d9d584d4?s=96&d=mm&r=g\",\"caption\":\"cagLisboa\"},\"url\":\"https:\\\/\\\/consuladogeral-angola.pt\\\/en\\\/author\\\/caglisboa\\\/\"}]}<\/script>\n<!-- \/ Yoast SEO plugin. -->","yoast_head_json":{"title":"Diplo News Abril - Consulado Geral da Rep\u00fablica de Angola em Lisboa","robots":{"index":"index","follow":"follow","max-snippet":"max-snippet:-1","max-image-preview":"max-image-preview:large","max-video-preview":"max-video-preview:-1"},"canonical":"https:\/\/consuladogeral-angola.pt\/en\/noticias\/diplo-news-abril\/","og_locale":"en_GB","og_type":"article","og_title":"Diplo News Abril - Consulado Geral da Rep\u00fablica de Angola em Lisboa","og_description":"A Rep\u00fablica de Angola e a Rep\u00fablica da \u00c1ustria manifestaram no dia 25 de Abril, em Luanda, o interesse de imprimir um novo \u00edmpeto \u00e0s rela\u00e7\u00f5es bilaterais entre os dois pa\u00edses. Esta disposi\u00e7\u00e3o foi manifestada durante a Visita Oficial de 48 horas que Sua Excel\u00eancia Karl Nehammer, Chanceler da \u00c1ustria, efectuou a Luanda a convite de Sua Excel\u00eancia Jo\u00e3o Manuel Gon\u00e7alves Louren\u00e7o, Presidente da Rep\u00fablica de Angola. Os dois pa\u00edses participaram num f\u00f3rum empresarial que reuniu homens de neg\u00f3cios de Angola e da \u00c1ustria.","og_url":"https:\/\/consuladogeral-angola.pt\/en\/noticias\/diplo-news-abril\/","og_site_name":"Consulado Geral da Rep\u00fablica de Angola em Lisboa","article_published_time":"2023-05-05T09:45:52+00:00","article_modified_time":"2025-07-17T16:12:52+00:00","og_image":[{"width":794,"height":472,"url":"https:\/\/consuladogeral-angola.pt\/wp-content\/uploads\/2023\/05\/DP.png","type":"image\/png"}],"author":"cagLisboa","twitter_card":"summary_large_image","twitter_misc":{"Written by":"cagLisboa"},"schema":{"@context":"https:\/\/schema.org","@graph":[{"@type":"Article","@id":"https:\/\/consuladogeral-angola.pt\/noticias\/diplo-news-abril\/#article","isPartOf":{"@id":"https:\/\/consuladogeral-angola.pt\/noticias\/diplo-news-abril\/"},"author":{"name":"cagLisboa","@id":"https:\/\/consuladogeral-angola.pt\/#\/schema\/person\/f514fb95835b32a9aa7be9b8a8a12afa"},"headline":"Diplo News Abril","datePublished":"2023-05-05T09:45:52+00:00","dateModified":"2025-07-17T16:12:52+00:00","mainEntityOfPage":{"@id":"https:\/\/consuladogeral-angola.pt\/noticias\/diplo-news-abril\/"},"wordCount":99,"image":{"@id":"https:\/\/consuladogeral-angola.pt\/noticias\/diplo-news-abril\/#primaryimage"},"thumbnailUrl":"https:\/\/consuladogeral-angola.pt\/wp-content\/uploads\/2023\/05\/DP.png","articleSection":["Not\u00edcias"],"inLanguage":"en-GB"},{"@type":"WebPage","@id":"https:\/\/consuladogeral-angola.pt\/noticias\/diplo-news-abril\/","url":"https:\/\/consuladogeral-angola.pt\/noticias\/diplo-news-abril\/","name":"Diplo News Abril - Consulado Geral da Rep\u00fablica de Angola em Lisboa","isPartOf":{"@id":"https:\/\/consuladogeral-angola.pt\/#website"},"primaryImageOfPage":{"@id":"https:\/\/consuladogeral-angola.pt\/noticias\/diplo-news-abril\/#primaryimage"},"image":{"@id":"https:\/\/consuladogeral-angola.pt\/noticias\/diplo-news-abril\/#primaryimage"},"thumbnailUrl":"https:\/\/consuladogeral-angola.pt\/wp-content\/uploads\/2023\/05\/DP.png","datePublished":"2023-05-05T09:45:52+00:00","dateModified":"2025-07-17T16:12:52+00:00","author":{"@id":"https:\/\/consuladogeral-angola.pt\/#\/schema\/person\/f514fb95835b32a9aa7be9b8a8a12afa"},"breadcrumb":{"@id":"https:\/\/consuladogeral-angola.pt\/noticias\/diplo-news-abril\/#breadcrumb"},"inLanguage":"en-GB","potentialAction":[{"@type":"ReadAction","target":["https:\/\/consuladogeral-angola.pt\/noticias\/diplo-news-abril\/"]}]},{"@type":"ImageObject","inLanguage":"en-GB","@id":"https:\/\/consuladogeral-angola.pt\/noticias\/diplo-news-abril\/#primaryimage","url":"https:\/\/consuladogeral-angola.pt\/wp-content\/uploads\/2023\/05\/DP.png","contentUrl":"https:\/\/consuladogeral-angola.pt\/wp-content\/uploads\/2023\/05\/DP.png","width":794,"height":472},{"@type":"BreadcrumbList","@id":"https:\/\/consuladogeral-angola.pt\/noticias\/diplo-news-abril\/#breadcrumb","itemListElement":[{"@type":"ListItem","position":1,"name":"Home","item":"https:\/\/consuladogeral-angola.pt\/"},{"@type":"ListItem","position":2,"name":"Diplo News Abril"}]},{"@type":"WebSite","@id":"https:\/\/consuladogeral-angola.pt\/#website","url":"https:\/\/consuladogeral-angola.pt\/","name":"Consulate General of the Republic of Angola in Lisbon","description":"","potentialAction":[{"@type":"SearchAction","target":{"@type":"EntryPoint","urlTemplate":"https:\/\/consuladogeral-angola.pt\/?s={search_term_string}"},"query-input":{"@type":"PropertyValueSpecification","valueRequired":true,"valueName":"search_term_string"}}],"inLanguage":"en-GB"},{"@type":"Person","@id":"https:\/\/consuladogeral-angola.pt\/#\/schema\/person\/f514fb95835b32a9aa7be9b8a8a12afa","name":"cagLisboa","image":{"@type":"ImageObject","inLanguage":"en-GB","@id":"https:\/\/secure.gravatar.com\/avatar\/93722c48d19e8656364246bf57f794ae613e2b2696d019e2f3a8a9e5d9d584d4?s=96&d=mm&r=g","url":"https:\/\/secure.gravatar.com\/avatar\/93722c48d19e8656364246bf57f794ae613e2b2696d019e2f3a8a9e5d9d584d4?s=96&d=mm&r=g","contentUrl":"https:\/\/secure.gravatar.com\/avatar\/93722c48d19e8656364246bf57f794ae613e2b2696d019e2f3a8a9e5d9d584d4?s=96&d=mm&r=g","caption":"cagLisboa"},"url":"https:\/\/consuladogeral-angola.pt\/en\/author\/caglisboa\/"}]}},"_links":{"self":[{"href":"https:\/\/consuladogeral-angola.pt\/en\/wp-json\/wp\/v2\/posts\/2881","targetHints":{"allow":["GET"]}}],"collection":[{"href":"https:\/\/consuladogeral-angola.pt\/en\/wp-json\/wp\/v2\/posts"}],"about":[{"href":"https:\/\/consuladogeral-angola.pt\/en\/wp-json\/wp\/v2\/types\/post"}],"author":[{"embeddable":true,"href":"https:\/\/consuladogeral-angola.pt\/en\/wp-json\/wp\/v2\/users\/3"}],"replies":[{"embeddable":true,"href":"https:\/\/consuladogeral-angola.pt\/en\/wp-json\/wp\/v2\/comments?post=2881"}],"version-history":[{"count":5,"href":"https:\/\/consuladogeral-angola.pt\/en\/wp-json\/wp\/v2\/posts\/2881\/revisions"}],"predecessor-version":[{"id":2886,"href":"https:\/\/consuladogeral-angola.pt\/en\/wp-json\/wp\/v2\/posts\/2881\/revisions\/2886"}],"wp:featuredmedia":[{"embeddable":true,"href":"https:\/\/consuladogeral-angola.pt\/en\/wp-json\/wp\/v2\/media\/2880"}],"wp:attachment":[{"href":"https:\/\/consuladogeral-angola.pt\/en\/wp-json\/wp\/v2\/media?parent=2881"}],"wp:term":[{"taxonomy":"category","embeddable":true,"href":"https:\/\/consuladogeral-angola.pt\/en\/wp-json\/wp\/v2\/categories?post=2881"},{"taxonomy":"post_tag","embeddable":true,"href":"https:\/\/consuladogeral-angola.pt\/en\/wp-json\/wp\/v2\/tags?post=2881"}],"curies":[{"name":"wp","href":"https:\/\/api.w.org\/{rel}","templated":true}]}}