{"id":2964,"date":"2023-10-09T15:34:19","date_gmt":"2023-10-09T15:34:19","guid":{"rendered":"https:\/\/consuladogeral-angola.pt\/?p=2964"},"modified":"2025-07-17T16:12:49","modified_gmt":"2025-07-17T16:12:49","slug":"comunicado","status":"publish","type":"post","link":"https:\/\/consuladogeral-angola.pt\/en\/comunicados\/comunicado\/","title":{"rendered":"COMUNICADO"},"content":{"rendered":"<p>O Consulado Geral de Angola em Lisboa informa aos utentes dos seus servi\u00e7os que doravante, de modo c\u00f3modo e sem necessidade de desloca\u00e7\u00e3o \u00e0s suas instala\u00e7\u00f5es poder\u00e3o consultar o estado em que se encontra o seu pedido atrav\u00e9s do portal oficial do Consulado.<\/p>\n\n\n\n<p>Para o efeito, dever\u00e3o obedecer \u00e0s seguintes instru\u00e7\u00f5es:<\/p>\n\n\n\n<ol class=\"wp-block-list\" type=\"1\">\n<li>Aceder ao portal do Consulado atrav\u00e9s do seguinte link: <a href=\"https:\/\/consuladogeral-angola.pt\/en\/\">https:\/\/consuladogeral-angola.pt\/<\/a>;<\/li>\n\n\n\n<li>Clicar na op\u00e7\u00e3o saber o estado do processo;<\/li>\n\n\n\n<li>Inserir o n\u00famero do recibo e clicar em consultar;<\/li>\n<\/ol>\n\n\n\n<p class=\"has-text-align-center\"><strong>CONSULADO GERAL DA REP\u00daBLICA DE ANGOLA EM LISBOA, AOS 29 DE SETEMBRO DE 2023.<\/strong><\/p>","protected":false},"excerpt":{"rendered":"<p>O Consulado Geral de Angola em Lisboa informa aos utentes dos seus servi\u00e7os que doravante, de modo c\u00f3modo e sem necessidade de desloca\u00e7\u00e3o \u00e0s suas instala\u00e7\u00f5es poder\u00e3o consultar o estado em que se encontra o seu pedido atrav\u00e9s do portal oficial do Consulado.<br \/>\nPara o efeito, dever\u00e3o obedecer \u00e0s seguintes instru\u00e7\u00f5es:<br \/>\n1-\tAceder ao portal do Consulado atrav\u00e9s do seguinte link: https:\/\/consuladogeral-angola.pt\/;<br \/>\n2-\tClicar na op\u00e7\u00e3o saber o estado do processo;<br \/>\n3-\tInserir o n\u00famero do recibo e clicar em consultar;<\/p>\n<p>CONSULADO GERAL DA REP\u00daBLICA DE ANGOLA EM LISBOA, AOS 29 DE SETEMBRO DE 2023.<\/p>","protected":false},"author":3,"featured_media":2780,"comment_status":"closed","ping_status":"open","sticky":false,"template":"","format":"standard","meta":{"_acf_changed":false,"footnotes":""},"categories":[4],"tags":[],"class_list":["post-2964","post","type-post","status-publish","format-standard","has-post-thumbnail","hentry","category-comunicados"],"acf":[],"yoast_head":"<!-- This site is optimized with the Yoast SEO plugin v27.4 - https:\/\/yoast.com\/product\/yoast-seo-wordpress\/ -->\n<title>COMUNICADO - Consulado Geral da Rep\u00fablica de Angola em Lisboa<\/title>\n<meta name=\"robots\" content=\"index, follow, max-snippet:-1, max-image-preview:large, max-video-preview:-1\" \/>\n<link rel=\"canonical\" href=\"https:\/\/consuladogeral-angola.pt\/en\/comunicados\/comunicado\/\" \/>\n<meta property=\"og:locale\" content=\"en_GB\" \/>\n<meta property=\"og:type\" content=\"article\" \/>\n<meta property=\"og:title\" content=\"COMUNICADO - Consulado Geral da Rep\u00fablica de Angola em Lisboa\" \/>\n<meta property=\"og:description\" content=\"O Consulado Geral de Angola em Lisboa informa aos utentes dos seus servi\u00e7os que doravante, de modo c\u00f3modo e sem necessidade de desloca\u00e7\u00e3o \u00e0s suas instala\u00e7\u00f5es poder\u00e3o consultar o estado em que se encontra o seu pedido atrav\u00e9s do portal oficial do Consulado. Para o efeito, dever\u00e3o obedecer \u00e0s seguintes instru\u00e7\u00f5es: 1- Aceder ao portal do Consulado atrav\u00e9s do seguinte link: https:\/\/consuladogeral-angola.pt\/; 2- Clicar na op\u00e7\u00e3o saber o estado do processo; 3- Inserir o n\u00famero do recibo e clicar em consultar; CONSULADO GERAL DA REP\u00daBLICA DE ANGOLA EM LISBOA, AOS 29 DE SETEMBRO DE 2023.\" \/>\n<meta property=\"og:url\" content=\"https:\/\/consuladogeral-angola.pt\/en\/comunicados\/comunicado\/\" \/>\n<meta property=\"og:site_name\" content=\"Consulado Geral da Rep\u00fablica de Angola em Lisboa\" \/>\n<meta property=\"article:published_time\" content=\"2023-10-09T15:34:19+00:00\" \/>\n<meta property=\"article:modified_time\" content=\"2025-07-17T16:12:49+00:00\" \/>\n<meta property=\"og:image\" content=\"https:\/\/consuladogeral-angola.pt\/wp-content\/uploads\/2023\/03\/comunicados2.fwz_.fwp_.fw_.png\" \/>\n\t<meta property=\"og:image:width\" content=\"700\" \/>\n\t<meta property=\"og:image:height\" content=\"420\" \/>\n\t<meta property=\"og:image:type\" content=\"image\/png\" \/>\n<meta name=\"author\" content=\"cagLisboa\" \/>\n<meta name=\"twitter:card\" content=\"summary_large_image\" \/>\n<meta name=\"twitter:label1\" content=\"Written by\" \/>\n\t<meta name=\"twitter:data1\" content=\"cagLisboa\" \/>\n\t<meta name=\"twitter:label2\" content=\"Estimated reading time\" \/>\n\t<meta name=\"twitter:data2\" content=\"1 minute\" \/>\n<script type=\"application\/ld+json\" class=\"yoast-schema-graph\">{\"@context\":\"https:\\\/\\\/schema.org\",\"@graph\":[{\"@type\":\"Article\",\"@id\":\"https:\\\/\\\/consuladogeral-angola.pt\\\/comunicados\\\/comunicado\\\/#article\",\"isPartOf\":{\"@id\":\"https:\\\/\\\/consuladogeral-angola.pt\\\/comunicados\\\/comunicado\\\/\"},\"author\":{\"name\":\"cagLisboa\",\"@id\":\"https:\\\/\\\/consuladogeral-angola.pt\\\/#\\\/schema\\\/person\\\/f514fb95835b32a9aa7be9b8a8a12afa\"},\"headline\":\"COMUNICADO\",\"datePublished\":\"2023-10-09T15:34:19+00:00\",\"dateModified\":\"2025-07-17T16:12:49+00:00\",\"mainEntityOfPage\":{\"@id\":\"https:\\\/\\\/consuladogeral-angola.pt\\\/comunicados\\\/comunicado\\\/\"},\"wordCount\":105,\"image\":{\"@id\":\"https:\\\/\\\/consuladogeral-angola.pt\\\/comunicados\\\/comunicado\\\/#primaryimage\"},\"thumbnailUrl\":\"https:\\\/\\\/consuladogeral-angola.pt\\\/wp-content\\\/uploads\\\/2023\\\/03\\\/comunicados2.fwz_.fwp_.fw_.png\",\"articleSection\":[\"Comunicados\"],\"inLanguage\":\"en-GB\"},{\"@type\":\"WebPage\",\"@id\":\"https:\\\/\\\/consuladogeral-angola.pt\\\/comunicados\\\/comunicado\\\/\",\"url\":\"https:\\\/\\\/consuladogeral-angola.pt\\\/comunicados\\\/comunicado\\\/\",\"name\":\"COMUNICADO - Consulado Geral da Rep\u00fablica de Angola em Lisboa\",\"isPartOf\":{\"@id\":\"https:\\\/\\\/consuladogeral-angola.pt\\\/#website\"},\"primaryImageOfPage\":{\"@id\":\"https:\\\/\\\/consuladogeral-angola.pt\\\/comunicados\\\/comunicado\\\/#primaryimage\"},\"image\":{\"@id\":\"https:\\\/\\\/consuladogeral-angola.pt\\\/comunicados\\\/comunicado\\\/#primaryimage\"},\"thumbnailUrl\":\"https:\\\/\\\/consuladogeral-angola.pt\\\/wp-content\\\/uploads\\\/2023\\\/03\\\/comunicados2.fwz_.fwp_.fw_.png\",\"datePublished\":\"2023-10-09T15:34:19+00:00\",\"dateModified\":\"2025-07-17T16:12:49+00:00\",\"author\":{\"@id\":\"https:\\\/\\\/consuladogeral-angola.pt\\\/#\\\/schema\\\/person\\\/f514fb95835b32a9aa7be9b8a8a12afa\"},\"breadcrumb\":{\"@id\":\"https:\\\/\\\/consuladogeral-angola.pt\\\/comunicados\\\/comunicado\\\/#breadcrumb\"},\"inLanguage\":\"en-GB\",\"potentialAction\":[{\"@type\":\"ReadAction\",\"target\":[\"https:\\\/\\\/consuladogeral-angola.pt\\\/comunicados\\\/comunicado\\\/\"]}]},{\"@type\":\"ImageObject\",\"inLanguage\":\"en-GB\",\"@id\":\"https:\\\/\\\/consuladogeral-angola.pt\\\/comunicados\\\/comunicado\\\/#primaryimage\",\"url\":\"https:\\\/\\\/consuladogeral-angola.pt\\\/wp-content\\\/uploads\\\/2023\\\/03\\\/comunicados2.fwz_.fwp_.fw_.png\",\"contentUrl\":\"https:\\\/\\\/consuladogeral-angola.pt\\\/wp-content\\\/uploads\\\/2023\\\/03\\\/comunicados2.fwz_.fwp_.fw_.png\",\"width\":700,\"height\":420},{\"@type\":\"BreadcrumbList\",\"@id\":\"https:\\\/\\\/consuladogeral-angola.pt\\\/comunicados\\\/comunicado\\\/#breadcrumb\",\"itemListElement\":[{\"@type\":\"ListItem\",\"position\":1,\"name\":\"Home\",\"item\":\"https:\\\/\\\/consuladogeral-angola.pt\\\/\"},{\"@type\":\"ListItem\",\"position\":2,\"name\":\"COMUNICADO\"}]},{\"@type\":\"WebSite\",\"@id\":\"https:\\\/\\\/consuladogeral-angola.pt\\\/#website\",\"url\":\"https:\\\/\\\/consuladogeral-angola.pt\\\/\",\"name\":\"Consulado Geral da Rep\u00fablica de Angola em Lisboa\",\"description\":\"\",\"potentialAction\":[{\"@type\":\"SearchAction\",\"target\":{\"@type\":\"EntryPoint\",\"urlTemplate\":\"https:\\\/\\\/consuladogeral-angola.pt\\\/?s={search_term_string}\"},\"query-input\":{\"@type\":\"PropertyValueSpecification\",\"valueRequired\":true,\"valueName\":\"search_term_string\"}}],\"inLanguage\":\"en-GB\"},{\"@type\":\"Person\",\"@id\":\"https:\\\/\\\/consuladogeral-angola.pt\\\/#\\\/schema\\\/person\\\/f514fb95835b32a9aa7be9b8a8a12afa\",\"name\":\"cagLisboa\",\"image\":{\"@type\":\"ImageObject\",\"inLanguage\":\"en-GB\",\"@id\":\"https:\\\/\\\/secure.gravatar.com\\\/avatar\\\/93722c48d19e8656364246bf57f794ae613e2b2696d019e2f3a8a9e5d9d584d4?s=96&d=mm&r=g\",\"url\":\"https:\\\/\\\/secure.gravatar.com\\\/avatar\\\/93722c48d19e8656364246bf57f794ae613e2b2696d019e2f3a8a9e5d9d584d4?s=96&d=mm&r=g\",\"contentUrl\":\"https:\\\/\\\/secure.gravatar.com\\\/avatar\\\/93722c48d19e8656364246bf57f794ae613e2b2696d019e2f3a8a9e5d9d584d4?s=96&d=mm&r=g\",\"caption\":\"cagLisboa\"},\"url\":\"https:\\\/\\\/consuladogeral-angola.pt\\\/en\\\/author\\\/caglisboa\\\/\"}]}<\/script>\n<!-- \/ Yoast SEO plugin. -->","yoast_head_json":{"title":"COMUNICADO - Consulado Geral da Rep\u00fablica de Angola em Lisboa","robots":{"index":"index","follow":"follow","max-snippet":"max-snippet:-1","max-image-preview":"max-image-preview:large","max-video-preview":"max-video-preview:-1"},"canonical":"https:\/\/consuladogeral-angola.pt\/en\/comunicados\/comunicado\/","og_locale":"en_GB","og_type":"article","og_title":"COMUNICADO - Consulado Geral da Rep\u00fablica de Angola em Lisboa","og_description":"O Consulado Geral de Angola em Lisboa informa aos utentes dos seus servi\u00e7os que doravante, de modo c\u00f3modo e sem necessidade de desloca\u00e7\u00e3o \u00e0s suas instala\u00e7\u00f5es poder\u00e3o consultar o estado em que se encontra o seu pedido atrav\u00e9s do portal oficial do Consulado. Para o efeito, dever\u00e3o obedecer \u00e0s seguintes instru\u00e7\u00f5es: 1- Aceder ao portal do Consulado atrav\u00e9s do seguinte link: https:\/\/consuladogeral-angola.pt\/; 2- Clicar na op\u00e7\u00e3o saber o estado do processo; 3- Inserir o n\u00famero do recibo e clicar em consultar; CONSULADO GERAL DA REP\u00daBLICA DE ANGOLA EM LISBOA, AOS 29 DE SETEMBRO DE 2023.","og_url":"https:\/\/consuladogeral-angola.pt\/en\/comunicados\/comunicado\/","og_site_name":"Consulado Geral da Rep\u00fablica de Angola em Lisboa","article_published_time":"2023-10-09T15:34:19+00:00","article_modified_time":"2025-07-17T16:12:49+00:00","og_image":[{"width":700,"height":420,"url":"https:\/\/consuladogeral-angola.pt\/wp-content\/uploads\/2023\/03\/comunicados2.fwz_.fwp_.fw_.png","type":"image\/png"}],"author":"cagLisboa","twitter_card":"summary_large_image","twitter_misc":{"Written by":"cagLisboa","Estimated reading time":"1 minute"},"schema":{"@context":"https:\/\/schema.org","@graph":[{"@type":"Article","@id":"https:\/\/consuladogeral-angola.pt\/comunicados\/comunicado\/#article","isPartOf":{"@id":"https:\/\/consuladogeral-angola.pt\/comunicados\/comunicado\/"},"author":{"name":"cagLisboa","@id":"https:\/\/consuladogeral-angola.pt\/#\/schema\/person\/f514fb95835b32a9aa7be9b8a8a12afa"},"headline":"COMUNICADO","datePublished":"2023-10-09T15:34:19+00:00","dateModified":"2025-07-17T16:12:49+00:00","mainEntityOfPage":{"@id":"https:\/\/consuladogeral-angola.pt\/comunicados\/comunicado\/"},"wordCount":105,"image":{"@id":"https:\/\/consuladogeral-angola.pt\/comunicados\/comunicado\/#primaryimage"},"thumbnailUrl":"https:\/\/consuladogeral-angola.pt\/wp-content\/uploads\/2023\/03\/comunicados2.fwz_.fwp_.fw_.png","articleSection":["Comunicados"],"inLanguage":"en-GB"},{"@type":"WebPage","@id":"https:\/\/consuladogeral-angola.pt\/comunicados\/comunicado\/","url":"https:\/\/consuladogeral-angola.pt\/comunicados\/comunicado\/","name":"COMUNICADO - Consulado Geral da Rep\u00fablica de Angola em Lisboa","isPartOf":{"@id":"https:\/\/consuladogeral-angola.pt\/#website"},"primaryImageOfPage":{"@id":"https:\/\/consuladogeral-angola.pt\/comunicados\/comunicado\/#primaryimage"},"image":{"@id":"https:\/\/consuladogeral-angola.pt\/comunicados\/comunicado\/#primaryimage"},"thumbnailUrl":"https:\/\/consuladogeral-angola.pt\/wp-content\/uploads\/2023\/03\/comunicados2.fwz_.fwp_.fw_.png","datePublished":"2023-10-09T15:34:19+00:00","dateModified":"2025-07-17T16:12:49+00:00","author":{"@id":"https:\/\/consuladogeral-angola.pt\/#\/schema\/person\/f514fb95835b32a9aa7be9b8a8a12afa"},"breadcrumb":{"@id":"https:\/\/consuladogeral-angola.pt\/comunicados\/comunicado\/#breadcrumb"},"inLanguage":"en-GB","potentialAction":[{"@type":"ReadAction","target":["https:\/\/consuladogeral-angola.pt\/comunicados\/comunicado\/"]}]},{"@type":"ImageObject","inLanguage":"en-GB","@id":"https:\/\/consuladogeral-angola.pt\/comunicados\/comunicado\/#primaryimage","url":"https:\/\/consuladogeral-angola.pt\/wp-content\/uploads\/2023\/03\/comunicados2.fwz_.fwp_.fw_.png","contentUrl":"https:\/\/consuladogeral-angola.pt\/wp-content\/uploads\/2023\/03\/comunicados2.fwz_.fwp_.fw_.png","width":700,"height":420},{"@type":"BreadcrumbList","@id":"https:\/\/consuladogeral-angola.pt\/comunicados\/comunicado\/#breadcrumb","itemListElement":[{"@type":"ListItem","position":1,"name":"Home","item":"https:\/\/consuladogeral-angola.pt\/"},{"@type":"ListItem","position":2,"name":"COMUNICADO"}]},{"@type":"WebSite","@id":"https:\/\/consuladogeral-angola.pt\/#website","url":"https:\/\/consuladogeral-angola.pt\/","name":"Consulate General of the Republic of Angola in Lisbon","description":"","potentialAction":[{"@type":"SearchAction","target":{"@type":"EntryPoint","urlTemplate":"https:\/\/consuladogeral-angola.pt\/?s={search_term_string}"},"query-input":{"@type":"PropertyValueSpecification","valueRequired":true,"valueName":"search_term_string"}}],"inLanguage":"en-GB"},{"@type":"Person","@id":"https:\/\/consuladogeral-angola.pt\/#\/schema\/person\/f514fb95835b32a9aa7be9b8a8a12afa","name":"cagLisboa","image":{"@type":"ImageObject","inLanguage":"en-GB","@id":"https:\/\/secure.gravatar.com\/avatar\/93722c48d19e8656364246bf57f794ae613e2b2696d019e2f3a8a9e5d9d584d4?s=96&d=mm&r=g","url":"https:\/\/secure.gravatar.com\/avatar\/93722c48d19e8656364246bf57f794ae613e2b2696d019e2f3a8a9e5d9d584d4?s=96&d=mm&r=g","contentUrl":"https:\/\/secure.gravatar.com\/avatar\/93722c48d19e8656364246bf57f794ae613e2b2696d019e2f3a8a9e5d9d584d4?s=96&d=mm&r=g","caption":"cagLisboa"},"url":"https:\/\/consuladogeral-angola.pt\/en\/author\/caglisboa\/"}]}},"_links":{"self":[{"href":"https:\/\/consuladogeral-angola.pt\/en\/wp-json\/wp\/v2\/posts\/2964","targetHints":{"allow":["GET"]}}],"collection":[{"href":"https:\/\/consuladogeral-angola.pt\/en\/wp-json\/wp\/v2\/posts"}],"about":[{"href":"https:\/\/consuladogeral-angola.pt\/en\/wp-json\/wp\/v2\/types\/post"}],"author":[{"embeddable":true,"href":"https:\/\/consuladogeral-angola.pt\/en\/wp-json\/wp\/v2\/users\/3"}],"replies":[{"embeddable":true,"href":"https:\/\/consuladogeral-angola.pt\/en\/wp-json\/wp\/v2\/comments?post=2964"}],"version-history":[{"count":8,"href":"https:\/\/consuladogeral-angola.pt\/en\/wp-json\/wp\/v2\/posts\/2964\/revisions"}],"predecessor-version":[{"id":3687,"href":"https:\/\/consuladogeral-angola.pt\/en\/wp-json\/wp\/v2\/posts\/2964\/revisions\/3687"}],"wp:featuredmedia":[{"embeddable":true,"href":"https:\/\/consuladogeral-angola.pt\/en\/wp-json\/wp\/v2\/media\/2780"}],"wp:attachment":[{"href":"https:\/\/consuladogeral-angola.pt\/en\/wp-json\/wp\/v2\/media?parent=2964"}],"wp:term":[{"taxonomy":"category","embeddable":true,"href":"https:\/\/consuladogeral-angola.pt\/en\/wp-json\/wp\/v2\/categories?post=2964"},{"taxonomy":"post_tag","embeddable":true,"href":"https:\/\/consuladogeral-angola.pt\/en\/wp-json\/wp\/v2\/tags?post=2964"}],"curies":[{"name":"wp","href":"https:\/\/api.w.org\/{rel}","templated":true}]}}