{"id":3436,"date":"2024-09-05T11:19:41","date_gmt":"2024-09-05T11:19:41","guid":{"rendered":"https:\/\/consuladogeral-angola.pt\/?p=3436"},"modified":"2025-07-17T16:12:40","modified_gmt":"2025-07-17T16:12:40","slug":"angolanos-residentes-em-castelo-branco-receberam-apoio-associativo-e-consular","status":"publish","type":"post","link":"https:\/\/consuladogeral-angola.pt\/en\/noticias\/angolanos-residentes-em-castelo-branco-receberam-apoio-associativo-e-consular\/","title":{"rendered":"Angolanos residentes em Castelo Branco receberam apoio associativo e consular"},"content":{"rendered":"<p><strong>A crescente comunidade angolana residente em Castelo Branco, regi\u00e3o Centro de Portugal, conta agora com uma base associativa de apoio.<\/strong><\/p>\n\n\n\n<p>Trata-se da Associa\u00e7\u00e3o dos Angolanos de Castelo Branco (AACB), entidade que foi apresentada ao p\u00fablico durante uma cerim\u00f3nia oficial no dia 27 de outubro. Uma iniciativa que decorreu neste munic\u00edpio portugu\u00eas e que foi acompanhada de perto por dezenas de cidad\u00e3os naturais de Angola, bem como de uma grande equipa do Consulado-Geral de Angola em Lisboa.<\/p>\n\n\n\n<p>\u201cEsta entidade tem como objetivo auxiliar os angolanos que residem na regi\u00e3o, em v\u00e1rios segmentos, com foco nos que est\u00e3o radicados em Castelo Branco\u201d, explica em nota de imprensa, Margarett Neves, presidente da Associa\u00e7\u00e3o dos Angolanos de Castelo Branco.<\/p>\n\n\n\n<p>Para a embaixadora Vic\u00eancia Ferreira Morais de Brito, atual c\u00f4nsul-geral de Angola em Lisboa, o papel da Associa\u00e7\u00e3o na regi\u00e3o ser\u00e1 fundamental.<\/p>\n\n\n\n<p>\u201cO nosso apoio \u00e0 nova Associa\u00e7\u00e3o \u00e9 no sentido de que possa congregar os angolanos, de forma a que se ajude a nossa popula\u00e7\u00e3o imigrante em Castelo-Branco. Para que se possa ajudar na integra\u00e7\u00e3o dos nossos imigrantes, ajudar nos problemas que possam ter a n\u00edvel social e econ\u00f3mico. A vida de imigrante n\u00e3o \u00e9 muito f\u00e1cil e se n\u00e3o houver no local quem ajude em termos de integra\u00e7\u00e3o, fica muito dif\u00edcil. Por outro lado, tamb\u00e9m serve para manter as pessoas unidas e para que haja solidariedade. Culturalmente, esperamos que possam desenvolver-se e sentirem-se n\u00e3o t\u00e3o longe de casa ou como se estivessem sozinhos\u201d, frisou esta diplomata.<\/p>\n\n\n\n<p>Embora n\u00e3o haja um perfil concreto dos angolanos que residem em Castelo Branco, esta embaixadora sublinha que est\u00e3o no terreno estudantes e pessoas que trabalham, h\u00e1 muito tempo, em v\u00e1rios ramos de atividade, sobretudo em f\u00e1bricas. E h\u00e1 tamb\u00e9m uma gera\u00e7\u00e3o mais nova e mais qualificada.<\/p>\n\n\n\n<p>\u201cN\u00f3s estamos a conhecer neste momento uma vaga muito grande de angolanos que est\u00e3o a vir para Castelo Branco. (\u2026) H\u00e1 uma nova vaga de pessoas j\u00e1 mais qualificadas que est\u00e3o a se fixar nesta regi\u00e3o. (\u2026) O movimento migrat\u00f3rio tem muito a ver com as diferentes fases de desenvolvimento de um pa\u00eds. E, naturalmente, que nos outros pa\u00edses tamb\u00e9m sucede. Registamos que em Portugal 30% dos jovens qualificados est\u00e3o \u00e0 procura de outras paragens. Portanto, \u00e9 um movimento que, ultimamente, se tem intensificado a n\u00edvel dos pa\u00edses, as pessoas est\u00e3o \u00e0 procura de melhores condi\u00e7\u00f5es de vida, h\u00e1 muita informa\u00e7\u00e3o, as redes sociais s\u00e3o um ve\u00edculo muito grande de informa\u00e7\u00e3o e as pessoas v\u00eam, talvez, por determinadas situa\u00e7\u00f5es a n\u00edvel econ\u00f3mico e social do pa\u00eds\u201d, referiu esta respons\u00e1vel, que sublinhou que as rela\u00e7\u00f5es entre o seu pa\u00eds e Portugal \u201cs\u00e3o boas\u201d e que em pauta est\u00e1 \u201co interesse m\u00fatuo de incremento, sobretudo, no que toca \u00e0 nossa comunidade para que possam de facto integrar-se melhor e que possam desenvolver-se nos diferentes ramos de atividade, isto \u00e9 o mais importante\u201d.<\/p>\n\n\n\n<p>\u201cA nossa mensagem \u00e9 no sentido de dizer que n\u00f3s, como consulado, estamos aqui para apoiar os nossos cidad\u00e3os, estamos aqui neste momento, especificamente, para interagir, conhecer, os nossos cidad\u00e3os, ajudarmos a resolver problemas documentais, conhecermos os problemas que t\u00eam e dizer que podem contar connosco para o tipo de apoio de que necessitam. N\u00e3o est\u00e3o s\u00f3s\u201d, atestou esta c\u00f4nsul-geral.<\/p>\n\n\n\n<p>\u201cN\u00f3s n\u00e3o intervimos, a Associa\u00e7\u00e3o \u00e9 vontade leg\u00edtima dos nossos cidad\u00e3os. E eles seguiram os tr\u00e2mites que as autarquias exigem para a cria\u00e7\u00e3o da mesma. N\u00f3s n\u00e3o intervimos porque n\u00f3s s\u00f3 apoiamos e incentivamos a cria\u00e7\u00e3o. Agora, a n\u00edvel das autoridades locais, n\u00f3s vamos interagindo, at\u00e9 mesmo para agradecer, por um lado, o apoio que t\u00eam dado \u00e0 nossa comunidade, e, pelo outro lado, tamb\u00e9m solicitar apoio \u00e0s iniciativas como esta\u201d, refor\u00e7ou Vic\u00eancia Ferreira Morais de Brito sobre a cria\u00e7\u00e3o da nova Associa\u00e7\u00e3o.<\/p>\n\n\n\n<p>A cerim\u00f3nia em Castelo Branco contou tamb\u00e9m com a participa\u00e7\u00e3o de parte da equipa da Associa\u00e7\u00e3o Mais Lusofonia, que atua entre Portugal, Cabo Verde e Brasil, com o intuito de prestar apoio pontual e realizar troca de experi\u00eancias neste modelo associativo voltado para as comunidades lus\u00f3fonas.<\/p>\n\n\n\n<p>\u201cAs comunidades de raiz lus\u00f3fona em \u00c1frica necessitam do nosso apoio quando chegam a Portugal para se sentirem mais integradas e terem acesso \u00e0s oportunidades locais\u201d, referiu a empres\u00e1ria e escritora Sofia Louren\u00e7o, que \u00e9 presidente da Associa\u00e7\u00e3o Mais Lusofonia.<\/p>\n\n\n\n<p><strong>FONTE: Diario Digital Castelo Branco &#8211; <\/strong><a href=\"https:\/\/www.diariodigitalcastelobranco.pt\/noticia\/64378\/angolanos-residentes-em-castelo-branco-receberam-apoio-associativo-e-consular\">Di\u00e1rio Digital Castelo Branco &#8211; Angolanos residentes em Castelo Branco receberam apoio associativo e consular (diariodigitalcastelobranco.pt)<\/a><\/p>","protected":false},"excerpt":{"rendered":"<p>A crescente comunidade angolana residente em Castelo Branco, regi\u00e3o Centro de Portugal, conta agora com uma base associativa de apoio. Trata-se da Associa\u00e7\u00e3o dos Angolanos de Castelo Branco (AACB), entidade que foi apresentada ao p\u00fablico durante uma cerim\u00f3nia oficial no dia 27 de outubro. Uma iniciativa que decorreu neste munic\u00edpio portugu\u00eas e que foi acompanhada de perto por dezenas de cidad\u00e3os naturais de Angola, bem como de uma grande equipa do Consulado-Geral de Angola em Lisboa. \u201cEsta entidade tem como [&hellip;]<\/p>\n","protected":false},"author":4,"featured_media":3437,"comment_status":"closed","ping_status":"open","sticky":false,"template":"","format":"standard","meta":{"_acf_changed":false,"footnotes":""},"categories":[3],"tags":[],"class_list":["post-3436","post","type-post","status-publish","format-standard","has-post-thumbnail","hentry","category-noticias"],"acf":[],"yoast_head":"<!-- This site is optimized with the Yoast SEO plugin v27.4 - https:\/\/yoast.com\/product\/yoast-seo-wordpress\/ -->\n<title>Angolanos residentes em Castelo Branco receberam apoio associativo e consular - Consulado Geral da Rep\u00fablica de Angola em Lisboa<\/title>\n<meta name=\"robots\" content=\"index, follow, max-snippet:-1, max-image-preview:large, max-video-preview:-1\" \/>\n<link rel=\"canonical\" href=\"https:\/\/consuladogeral-angola.pt\/en\/noticias\/angolanos-residentes-em-castelo-branco-receberam-apoio-associativo-e-consular\/\" \/>\n<meta property=\"og:locale\" content=\"en_GB\" \/>\n<meta property=\"og:type\" content=\"article\" \/>\n<meta property=\"og:title\" content=\"Angolanos residentes em Castelo Branco receberam apoio associativo e consular - Consulado Geral da Rep\u00fablica de Angola em Lisboa\" \/>\n<meta property=\"og:description\" content=\"A crescente comunidade angolana residente em Castelo Branco, regi\u00e3o Centro de Portugal, conta agora com uma base associativa de apoio. Trata-se da Associa\u00e7\u00e3o dos Angolanos de Castelo Branco (AACB), entidade que foi apresentada ao p\u00fablico durante uma cerim\u00f3nia oficial no dia 27 de outubro. Uma iniciativa que decorreu neste munic\u00edpio portugu\u00eas e que foi acompanhada de perto por dezenas de cidad\u00e3os naturais de Angola, bem como de uma grande equipa do Consulado-Geral de Angola em Lisboa. \u201cEsta entidade tem como [&hellip;]\" \/>\n<meta property=\"og:url\" content=\"https:\/\/consuladogeral-angola.pt\/en\/noticias\/angolanos-residentes-em-castelo-branco-receberam-apoio-associativo-e-consular\/\" \/>\n<meta property=\"og:site_name\" content=\"Consulado Geral da Rep\u00fablica de Angola em Lisboa\" \/>\n<meta property=\"article:published_time\" content=\"2024-09-05T11:19:41+00:00\" \/>\n<meta property=\"article:modified_time\" content=\"2025-07-17T16:12:40+00:00\" \/>\n<meta property=\"og:image\" content=\"https:\/\/consuladogeral-angola.pt\/wp-content\/uploads\/2024\/09\/1700777861_2.jpg\" \/>\n\t<meta property=\"og:image:width\" content=\"800\" \/>\n\t<meta property=\"og:image:height\" content=\"533\" \/>\n\t<meta property=\"og:image:type\" content=\"image\/jpeg\" \/>\n<meta name=\"author\" content=\"Filipe Quinta\" \/>\n<meta name=\"twitter:card\" content=\"summary_large_image\" \/>\n<meta name=\"twitter:label1\" content=\"Written by\" \/>\n\t<meta name=\"twitter:data1\" content=\"Filipe Quinta\" \/>\n\t<meta name=\"twitter:label2\" content=\"Estimated reading time\" \/>\n\t<meta name=\"twitter:data2\" content=\"4 minutes\" \/>\n<script type=\"application\/ld+json\" class=\"yoast-schema-graph\">{\"@context\":\"https:\\\/\\\/schema.org\",\"@graph\":[{\"@type\":\"Article\",\"@id\":\"https:\\\/\\\/consuladogeral-angola.pt\\\/noticias\\\/angolanos-residentes-em-castelo-branco-receberam-apoio-associativo-e-consular\\\/#article\",\"isPartOf\":{\"@id\":\"https:\\\/\\\/consuladogeral-angola.pt\\\/noticias\\\/angolanos-residentes-em-castelo-branco-receberam-apoio-associativo-e-consular\\\/\"},\"author\":{\"name\":\"Filipe Quinta\",\"@id\":\"https:\\\/\\\/consuladogeral-angola.pt\\\/#\\\/schema\\\/person\\\/faa4fbfe99dfc0bd00ca9624a45d8186\"},\"headline\":\"Angolanos residentes em Castelo Branco receberam apoio associativo e consular\",\"datePublished\":\"2024-09-05T11:19:41+00:00\",\"dateModified\":\"2025-07-17T16:12:40+00:00\",\"mainEntityOfPage\":{\"@id\":\"https:\\\/\\\/consuladogeral-angola.pt\\\/noticias\\\/angolanos-residentes-em-castelo-branco-receberam-apoio-associativo-e-consular\\\/\"},\"wordCount\":814,\"image\":{\"@id\":\"https:\\\/\\\/consuladogeral-angola.pt\\\/noticias\\\/angolanos-residentes-em-castelo-branco-receberam-apoio-associativo-e-consular\\\/#primaryimage\"},\"thumbnailUrl\":\"https:\\\/\\\/consuladogeral-angola.pt\\\/wp-content\\\/uploads\\\/2024\\\/09\\\/1700777861_2.jpg\",\"articleSection\":[\"Not\u00edcias\"],\"inLanguage\":\"en-GB\"},{\"@type\":\"WebPage\",\"@id\":\"https:\\\/\\\/consuladogeral-angola.pt\\\/noticias\\\/angolanos-residentes-em-castelo-branco-receberam-apoio-associativo-e-consular\\\/\",\"url\":\"https:\\\/\\\/consuladogeral-angola.pt\\\/noticias\\\/angolanos-residentes-em-castelo-branco-receberam-apoio-associativo-e-consular\\\/\",\"name\":\"Angolanos residentes em Castelo Branco receberam apoio associativo e consular - Consulado Geral da Rep\u00fablica de Angola em Lisboa\",\"isPartOf\":{\"@id\":\"https:\\\/\\\/consuladogeral-angola.pt\\\/#website\"},\"primaryImageOfPage\":{\"@id\":\"https:\\\/\\\/consuladogeral-angola.pt\\\/noticias\\\/angolanos-residentes-em-castelo-branco-receberam-apoio-associativo-e-consular\\\/#primaryimage\"},\"image\":{\"@id\":\"https:\\\/\\\/consuladogeral-angola.pt\\\/noticias\\\/angolanos-residentes-em-castelo-branco-receberam-apoio-associativo-e-consular\\\/#primaryimage\"},\"thumbnailUrl\":\"https:\\\/\\\/consuladogeral-angola.pt\\\/wp-content\\\/uploads\\\/2024\\\/09\\\/1700777861_2.jpg\",\"datePublished\":\"2024-09-05T11:19:41+00:00\",\"dateModified\":\"2025-07-17T16:12:40+00:00\",\"author\":{\"@id\":\"https:\\\/\\\/consuladogeral-angola.pt\\\/#\\\/schema\\\/person\\\/faa4fbfe99dfc0bd00ca9624a45d8186\"},\"breadcrumb\":{\"@id\":\"https:\\\/\\\/consuladogeral-angola.pt\\\/noticias\\\/angolanos-residentes-em-castelo-branco-receberam-apoio-associativo-e-consular\\\/#breadcrumb\"},\"inLanguage\":\"en-GB\",\"potentialAction\":[{\"@type\":\"ReadAction\",\"target\":[\"https:\\\/\\\/consuladogeral-angola.pt\\\/noticias\\\/angolanos-residentes-em-castelo-branco-receberam-apoio-associativo-e-consular\\\/\"]}]},{\"@type\":\"ImageObject\",\"inLanguage\":\"en-GB\",\"@id\":\"https:\\\/\\\/consuladogeral-angola.pt\\\/noticias\\\/angolanos-residentes-em-castelo-branco-receberam-apoio-associativo-e-consular\\\/#primaryimage\",\"url\":\"https:\\\/\\\/consuladogeral-angola.pt\\\/wp-content\\\/uploads\\\/2024\\\/09\\\/1700777861_2.jpg\",\"contentUrl\":\"https:\\\/\\\/consuladogeral-angola.pt\\\/wp-content\\\/uploads\\\/2024\\\/09\\\/1700777861_2.jpg\",\"width\":800,\"height\":533},{\"@type\":\"BreadcrumbList\",\"@id\":\"https:\\\/\\\/consuladogeral-angola.pt\\\/noticias\\\/angolanos-residentes-em-castelo-branco-receberam-apoio-associativo-e-consular\\\/#breadcrumb\",\"itemListElement\":[{\"@type\":\"ListItem\",\"position\":1,\"name\":\"Home\",\"item\":\"https:\\\/\\\/consuladogeral-angola.pt\\\/\"},{\"@type\":\"ListItem\",\"position\":2,\"name\":\"Angolanos residentes em Castelo Branco receberam apoio associativo e consular\"}]},{\"@type\":\"WebSite\",\"@id\":\"https:\\\/\\\/consuladogeral-angola.pt\\\/#website\",\"url\":\"https:\\\/\\\/consuladogeral-angola.pt\\\/\",\"name\":\"Consulado Geral da Rep\u00fablica de Angola em Lisboa\",\"description\":\"\",\"potentialAction\":[{\"@type\":\"SearchAction\",\"target\":{\"@type\":\"EntryPoint\",\"urlTemplate\":\"https:\\\/\\\/consuladogeral-angola.pt\\\/?s={search_term_string}\"},\"query-input\":{\"@type\":\"PropertyValueSpecification\",\"valueRequired\":true,\"valueName\":\"search_term_string\"}}],\"inLanguage\":\"en-GB\"},{\"@type\":\"Person\",\"@id\":\"https:\\\/\\\/consuladogeral-angola.pt\\\/#\\\/schema\\\/person\\\/faa4fbfe99dfc0bd00ca9624a45d8186\",\"name\":\"Filipe Quinta\",\"image\":{\"@type\":\"ImageObject\",\"inLanguage\":\"en-GB\",\"@id\":\"https:\\\/\\\/secure.gravatar.com\\\/avatar\\\/b75e7a5e497db487209eb5fc686f25e7210c8b4c0d06b20b64d158ad395f74ac?s=96&d=mm&r=g\",\"url\":\"https:\\\/\\\/secure.gravatar.com\\\/avatar\\\/b75e7a5e497db487209eb5fc686f25e7210c8b4c0d06b20b64d158ad395f74ac?s=96&d=mm&r=g\",\"contentUrl\":\"https:\\\/\\\/secure.gravatar.com\\\/avatar\\\/b75e7a5e497db487209eb5fc686f25e7210c8b4c0d06b20b64d158ad395f74ac?s=96&d=mm&r=g\",\"caption\":\"Filipe Quinta\"},\"sameAs\":[\"https:\\\/\\\/consuladogeral-angola.pt\\\/\"],\"url\":\"https:\\\/\\\/consuladogeral-angola.pt\\\/en\\\/author\\\/filipe-quinta\\\/\"}]}<\/script>\n<!-- \/ Yoast SEO plugin. -->","yoast_head_json":{"title":"Angolanos residentes em Castelo Branco receberam apoio associativo e consular - Consulado Geral da Rep\u00fablica de Angola em Lisboa","robots":{"index":"index","follow":"follow","max-snippet":"max-snippet:-1","max-image-preview":"max-image-preview:large","max-video-preview":"max-video-preview:-1"},"canonical":"https:\/\/consuladogeral-angola.pt\/en\/noticias\/angolanos-residentes-em-castelo-branco-receberam-apoio-associativo-e-consular\/","og_locale":"en_GB","og_type":"article","og_title":"Angolanos residentes em Castelo Branco receberam apoio associativo e consular - Consulado Geral da Rep\u00fablica de Angola em Lisboa","og_description":"A crescente comunidade angolana residente em Castelo Branco, regi\u00e3o Centro de Portugal, conta agora com uma base associativa de apoio. Trata-se da Associa\u00e7\u00e3o dos Angolanos de Castelo Branco (AACB), entidade que foi apresentada ao p\u00fablico durante uma cerim\u00f3nia oficial no dia 27 de outubro. Uma iniciativa que decorreu neste munic\u00edpio portugu\u00eas e que foi acompanhada de perto por dezenas de cidad\u00e3os naturais de Angola, bem como de uma grande equipa do Consulado-Geral de Angola em Lisboa. \u201cEsta entidade tem como [&hellip;]","og_url":"https:\/\/consuladogeral-angola.pt\/en\/noticias\/angolanos-residentes-em-castelo-branco-receberam-apoio-associativo-e-consular\/","og_site_name":"Consulado Geral da Rep\u00fablica de Angola em Lisboa","article_published_time":"2024-09-05T11:19:41+00:00","article_modified_time":"2025-07-17T16:12:40+00:00","og_image":[{"width":800,"height":533,"url":"https:\/\/consuladogeral-angola.pt\/wp-content\/uploads\/2024\/09\/1700777861_2.jpg","type":"image\/jpeg"}],"author":"Filipe Quinta","twitter_card":"summary_large_image","twitter_misc":{"Written by":"Filipe Quinta","Estimated reading time":"4 minutes"},"schema":{"@context":"https:\/\/schema.org","@graph":[{"@type":"Article","@id":"https:\/\/consuladogeral-angola.pt\/noticias\/angolanos-residentes-em-castelo-branco-receberam-apoio-associativo-e-consular\/#article","isPartOf":{"@id":"https:\/\/consuladogeral-angola.pt\/noticias\/angolanos-residentes-em-castelo-branco-receberam-apoio-associativo-e-consular\/"},"author":{"name":"Filipe Quinta","@id":"https:\/\/consuladogeral-angola.pt\/#\/schema\/person\/faa4fbfe99dfc0bd00ca9624a45d8186"},"headline":"Angolanos residentes em Castelo Branco receberam apoio associativo e consular","datePublished":"2024-09-05T11:19:41+00:00","dateModified":"2025-07-17T16:12:40+00:00","mainEntityOfPage":{"@id":"https:\/\/consuladogeral-angola.pt\/noticias\/angolanos-residentes-em-castelo-branco-receberam-apoio-associativo-e-consular\/"},"wordCount":814,"image":{"@id":"https:\/\/consuladogeral-angola.pt\/noticias\/angolanos-residentes-em-castelo-branco-receberam-apoio-associativo-e-consular\/#primaryimage"},"thumbnailUrl":"https:\/\/consuladogeral-angola.pt\/wp-content\/uploads\/2024\/09\/1700777861_2.jpg","articleSection":["Not\u00edcias"],"inLanguage":"en-GB"},{"@type":"WebPage","@id":"https:\/\/consuladogeral-angola.pt\/noticias\/angolanos-residentes-em-castelo-branco-receberam-apoio-associativo-e-consular\/","url":"https:\/\/consuladogeral-angola.pt\/noticias\/angolanos-residentes-em-castelo-branco-receberam-apoio-associativo-e-consular\/","name":"Angolanos residentes em Castelo Branco receberam apoio associativo e consular - Consulado Geral da Rep\u00fablica de Angola em Lisboa","isPartOf":{"@id":"https:\/\/consuladogeral-angola.pt\/#website"},"primaryImageOfPage":{"@id":"https:\/\/consuladogeral-angola.pt\/noticias\/angolanos-residentes-em-castelo-branco-receberam-apoio-associativo-e-consular\/#primaryimage"},"image":{"@id":"https:\/\/consuladogeral-angola.pt\/noticias\/angolanos-residentes-em-castelo-branco-receberam-apoio-associativo-e-consular\/#primaryimage"},"thumbnailUrl":"https:\/\/consuladogeral-angola.pt\/wp-content\/uploads\/2024\/09\/1700777861_2.jpg","datePublished":"2024-09-05T11:19:41+00:00","dateModified":"2025-07-17T16:12:40+00:00","author":{"@id":"https:\/\/consuladogeral-angola.pt\/#\/schema\/person\/faa4fbfe99dfc0bd00ca9624a45d8186"},"breadcrumb":{"@id":"https:\/\/consuladogeral-angola.pt\/noticias\/angolanos-residentes-em-castelo-branco-receberam-apoio-associativo-e-consular\/#breadcrumb"},"inLanguage":"en-GB","potentialAction":[{"@type":"ReadAction","target":["https:\/\/consuladogeral-angola.pt\/noticias\/angolanos-residentes-em-castelo-branco-receberam-apoio-associativo-e-consular\/"]}]},{"@type":"ImageObject","inLanguage":"en-GB","@id":"https:\/\/consuladogeral-angola.pt\/noticias\/angolanos-residentes-em-castelo-branco-receberam-apoio-associativo-e-consular\/#primaryimage","url":"https:\/\/consuladogeral-angola.pt\/wp-content\/uploads\/2024\/09\/1700777861_2.jpg","contentUrl":"https:\/\/consuladogeral-angola.pt\/wp-content\/uploads\/2024\/09\/1700777861_2.jpg","width":800,"height":533},{"@type":"BreadcrumbList","@id":"https:\/\/consuladogeral-angola.pt\/noticias\/angolanos-residentes-em-castelo-branco-receberam-apoio-associativo-e-consular\/#breadcrumb","itemListElement":[{"@type":"ListItem","position":1,"name":"Home","item":"https:\/\/consuladogeral-angola.pt\/"},{"@type":"ListItem","position":2,"name":"Angolanos residentes em Castelo Branco receberam apoio associativo e consular"}]},{"@type":"WebSite","@id":"https:\/\/consuladogeral-angola.pt\/#website","url":"https:\/\/consuladogeral-angola.pt\/","name":"Consulate General of the Republic of Angola in Lisbon","description":"","potentialAction":[{"@type":"SearchAction","target":{"@type":"EntryPoint","urlTemplate":"https:\/\/consuladogeral-angola.pt\/?s={search_term_string}"},"query-input":{"@type":"PropertyValueSpecification","valueRequired":true,"valueName":"search_term_string"}}],"inLanguage":"en-GB"},{"@type":"Person","@id":"https:\/\/consuladogeral-angola.pt\/#\/schema\/person\/faa4fbfe99dfc0bd00ca9624a45d8186","name":"Filipe Quinta","image":{"@type":"ImageObject","inLanguage":"en-GB","@id":"https:\/\/secure.gravatar.com\/avatar\/b75e7a5e497db487209eb5fc686f25e7210c8b4c0d06b20b64d158ad395f74ac?s=96&d=mm&r=g","url":"https:\/\/secure.gravatar.com\/avatar\/b75e7a5e497db487209eb5fc686f25e7210c8b4c0d06b20b64d158ad395f74ac?s=96&d=mm&r=g","contentUrl":"https:\/\/secure.gravatar.com\/avatar\/b75e7a5e497db487209eb5fc686f25e7210c8b4c0d06b20b64d158ad395f74ac?s=96&d=mm&r=g","caption":"Filipe Quinta"},"sameAs":["https:\/\/consuladogeral-angola.pt\/"],"url":"https:\/\/consuladogeral-angola.pt\/en\/author\/filipe-quinta\/"}]}},"_links":{"self":[{"href":"https:\/\/consuladogeral-angola.pt\/en\/wp-json\/wp\/v2\/posts\/3436","targetHints":{"allow":["GET"]}}],"collection":[{"href":"https:\/\/consuladogeral-angola.pt\/en\/wp-json\/wp\/v2\/posts"}],"about":[{"href":"https:\/\/consuladogeral-angola.pt\/en\/wp-json\/wp\/v2\/types\/post"}],"author":[{"embeddable":true,"href":"https:\/\/consuladogeral-angola.pt\/en\/wp-json\/wp\/v2\/users\/4"}],"replies":[{"embeddable":true,"href":"https:\/\/consuladogeral-angola.pt\/en\/wp-json\/wp\/v2\/comments?post=3436"}],"version-history":[{"count":1,"href":"https:\/\/consuladogeral-angola.pt\/en\/wp-json\/wp\/v2\/posts\/3436\/revisions"}],"predecessor-version":[{"id":3438,"href":"https:\/\/consuladogeral-angola.pt\/en\/wp-json\/wp\/v2\/posts\/3436\/revisions\/3438"}],"wp:featuredmedia":[{"embeddable":true,"href":"https:\/\/consuladogeral-angola.pt\/en\/wp-json\/wp\/v2\/media\/3437"}],"wp:attachment":[{"href":"https:\/\/consuladogeral-angola.pt\/en\/wp-json\/wp\/v2\/media?parent=3436"}],"wp:term":[{"taxonomy":"category","embeddable":true,"href":"https:\/\/consuladogeral-angola.pt\/en\/wp-json\/wp\/v2\/categories?post=3436"},{"taxonomy":"post_tag","embeddable":true,"href":"https:\/\/consuladogeral-angola.pt\/en\/wp-json\/wp\/v2\/tags?post=3436"}],"curies":[{"name":"wp","href":"https:\/\/api.w.org\/{rel}","templated":true}]}}