{"id":3439,"date":"2024-09-05T11:24:20","date_gmt":"2024-09-05T11:24:20","guid":{"rendered":"https:\/\/consuladogeral-angola.pt\/?p=3439"},"modified":"2025-07-17T16:12:40","modified_gmt":"2025-07-17T16:12:40","slug":"lagos-recebe-visita-da-consul-geral-da-republica-de-angola-em-lisboa","status":"publish","type":"post","link":"https:\/\/consuladogeral-angola.pt\/en\/noticias\/lagos-recebe-visita-da-consul-geral-da-republica-de-angola-em-lisboa\/","title":{"rendered":"Lagos recebe visita da C\u00f4nsul Geral da Rep\u00fablica de Angola em Lisboa"},"content":{"rendered":"<h2 class=\"wp-block-heading\">O munic\u00edpio de Lagos teve ontem a visita oficial da Embaixadora Vic\u00eancia Brito, C\u00f4nsul Geral da Rep\u00fablica de Angola em Lisboa. Recebida pelo executivo municipal no audit\u00f3rio do Ed. Pa\u00e7os do Concelho s\u00e9c. XXI, a diplomata teve ainda a oportunidade de tomar contacto com os servi\u00e7os de atendimento ao p\u00fablico do Gabinete do Cidad\u00e3o e Empresas, onde funciona, entre outras val\u00eancias, o Centro Local de Apoio \u00e0 Integra\u00e7\u00e3o de Migrantes (CLAIM) (<em>1<\/em>), e de visitar o Museu de Lagos.<\/h2>\n\n\n\n<p>Explicando o enquadramento desta visita, Vic\u00eancia Brito salientou a import\u00e2ncia do di\u00e1logo com os munic\u00edpios, o qual tem procurado incrementar, especialmente nesta regi\u00e3o onde existe uma grande comunidade angolana e \u00e0 qual o consulado se desloca regularmente, pelo menos a cada seis ou tr\u00eas meses, no \u00e2mbito do trabalho itinerante que visa trazer os servi\u00e7os consulares ao contacto direto com as autoridades locais e com as comunidades, para melhor conhecer as suas necessidades e dificuldades. O objetivo \u2013 referiu tamb\u00e9m \u2013 \u00e9 garantir a integra\u00e7\u00e3o dos cidad\u00e3os angolanos e fazer com que estes sejam elementos ativos, contribuindo para o desenvolvimento das comunidades onde est\u00e3o a residir.<\/p>\n\n\n\n<p>Nas palavras de boas-vindas e acolhimento, o autarca Hugo Pereira garantiu que a C\u00e2mara Municipal tem a sua porta sempre aberta para receber e auxiliar os cidad\u00e3os angolanos, que em Lagos encontram um porto de abrigo, bem como para assumir, caso se entenda vantajoso, um papel mais ativo como ponto de liga\u00e7\u00e3o entra essa comunidade aqui residente e os servi\u00e7os consulares do seu pa\u00eds de origem, rela\u00e7\u00e3o institucional que s\u00f3 tem a ganhar com esta maior proximidade. Lembrando os la\u00e7os hist\u00f3ricos e culturais que unem os dois pa\u00edses, Hugo Pereira afirmou ser uma responsabilidade dos dirigentes pol\u00edticos cultivar essa proximidade com atos concretos de coopera\u00e7\u00e3o, mostrando-se dispon\u00edvel para encetar conversa\u00e7\u00f5es para que o munic\u00edpio estreite rela\u00e7\u00f5es com uma comunidade local angolana onde se identifiquem sinergias proveitosas para ambas as partes.<\/p>\n\n\n\n<p>Uma ideia acolhida com entusiasmo pela Embaixadora Vic\u00eancia Brito, que se prontificou a lan\u00e7ar o repto junto das autoridades regionais e locais angolanas, n\u00edvel de atua\u00e7\u00e3o que considera estrat\u00e9gico, pois \u00e9 nele que se desenvolve um trabalho mais pessoal, mais humano e interativo.<br>Embaixadora de carreira, Vic\u00eancia Ferreira Morais de Brito est\u00e1 h\u00e1 cerca de dois anos no cargo de C\u00f4nsul Geral de Angola em Lisboa, tendo anteriormente exercido as fun\u00e7\u00f5es de Diretora para Europa do MIREX (Minist\u00e9rio das Rela\u00e7\u00f5es Exteriores de Angola) e chefiado a Miss\u00e3o Consular da Rep\u00fablica de Angola em Londres, entre outras fun\u00e7\u00f5es. Nesta visita a Lagos, a diplomata fez-se acompanhar do Vice-C\u00f4nsul para o Sector Comunit\u00e1rio, Isidro Adriano.<\/p>\n\n\n\n<p>Merece referir que a \u00e1rea de jurisdi\u00e7\u00e3o geogr\u00e1fica do Consulado Geral da Rep\u00fablica de Angola em Lisboa engloba nove distritos maioritariamente situados na zona sul do territ\u00f3rio portugu\u00eas, assim como as regi\u00f5es aut\u00f3nomas da Madeira e A\u00e7ores, servindo a comunidade angolana, investidores, empres\u00e1rios, turistas e todos as pessoas que desejam conhecer melhor Angola.<\/p>\n\n\n\n<p><em>(1)Gabinete\/espa\u00e7o de acolhimento, informa\u00e7\u00e3o e apoio que tem como miss\u00e3o apoiar todo o processo de acolhimento e integra\u00e7\u00e3o de pessoas imigrantes, articulando com as diversas estruturas locais e promovendo a interculturalidade a n\u00edvel local, o CLAIM de Lagos presta apoio e informa\u00e7\u00e3o geral em \u00e1reas como regulariza\u00e7\u00e3o, nacionalidade, reagrupamento familiar, habita\u00e7\u00e3o, retorno volunt\u00e1rio, trabalho, sa\u00fade, educa\u00e7\u00e3o, entre outras quest\u00f5es do quotidiano, sendo que os cidad\u00e3os angolanos est\u00e3o entre as 10 nacionalidades mais representativas no c\u00f4mputo dos atendimentos efetuados, segundo dados do relat\u00f3rio mais recente.<\/em><\/p>\n\n\n\n<p><strong>FONTE: C\u00e2mara Municipal de Lagos <\/strong>&#8211; <a href=\"https:\/\/www.cm-lagos.pt\/municipio\/noticias\/12069-lagos-recebe-visita-da-consul-geral-da-republica-de-angola-em-lisboa\">Lagos recebe visita da C\u00f4nsul Geral da Rep\u00fablica de Angola em Lisboa &#8211; Not\u00edcias &#8211; Munic\u00edpio &#8211; C\u00e2mara Municipal de Lagos: Munic\u00edpio de Lagos (cm-lagos.pt)<\/a><\/p>","protected":false},"excerpt":{"rendered":"<p>O munic\u00edpio de Lagos teve ontem a visita oficial da Embaixadora Vic\u00eancia Brito, C\u00f4nsul Geral da Rep\u00fablica de Angola em Lisboa. Recebida pelo executivo municipal no audit\u00f3rio do Ed. Pa\u00e7os do Concelho s\u00e9c. XXI, a diplomata teve ainda a oportunidade de tomar contacto com os servi\u00e7os de atendimento ao p\u00fablico do Gabinete do Cidad\u00e3o e Empresas, onde funciona, entre outras val\u00eancias, o Centro Local de Apoio \u00e0 Integra\u00e7\u00e3o de Migrantes (CLAIM) (1), e de visitar o Museu de Lagos. Explicando [&hellip;]<\/p>\n","protected":false},"author":4,"featured_media":3440,"comment_status":"closed","ping_status":"open","sticky":false,"template":"","format":"standard","meta":{"_acf_changed":false,"footnotes":""},"categories":[3],"tags":[],"class_list":["post-3439","post","type-post","status-publish","format-standard","has-post-thumbnail","hentry","category-noticias"],"acf":[],"yoast_head":"<!-- This site is optimized with the Yoast SEO plugin v27.4 - https:\/\/yoast.com\/product\/yoast-seo-wordpress\/ -->\n<title>Lagos recebe visita da C\u00f4nsul Geral da Rep\u00fablica de Angola em Lisboa - Consulado Geral da Rep\u00fablica de Angola em Lisboa<\/title>\n<meta name=\"robots\" content=\"index, follow, max-snippet:-1, max-image-preview:large, max-video-preview:-1\" \/>\n<link rel=\"canonical\" href=\"https:\/\/consuladogeral-angola.pt\/en\/noticias\/lagos-recebe-visita-da-consul-geral-da-republica-de-angola-em-lisboa\/\" \/>\n<meta property=\"og:locale\" content=\"en_GB\" \/>\n<meta property=\"og:type\" content=\"article\" \/>\n<meta property=\"og:title\" content=\"Lagos recebe visita da C\u00f4nsul Geral da Rep\u00fablica de Angola em Lisboa - Consulado Geral da Rep\u00fablica de Angola em Lisboa\" \/>\n<meta property=\"og:description\" content=\"O munic\u00edpio de Lagos teve ontem a visita oficial da Embaixadora Vic\u00eancia Brito, C\u00f4nsul Geral da Rep\u00fablica de Angola em Lisboa. Recebida pelo executivo municipal no audit\u00f3rio do Ed. Pa\u00e7os do Concelho s\u00e9c. XXI, a diplomata teve ainda a oportunidade de tomar contacto com os servi\u00e7os de atendimento ao p\u00fablico do Gabinete do Cidad\u00e3o e Empresas, onde funciona, entre outras val\u00eancias, o Centro Local de Apoio \u00e0 Integra\u00e7\u00e3o de Migrantes (CLAIM) (1), e de visitar o Museu de Lagos. Explicando [&hellip;]\" \/>\n<meta property=\"og:url\" content=\"https:\/\/consuladogeral-angola.pt\/en\/noticias\/lagos-recebe-visita-da-consul-geral-da-republica-de-angola-em-lisboa\/\" \/>\n<meta property=\"og:site_name\" content=\"Consulado Geral da Rep\u00fablica de Angola em Lisboa\" \/>\n<meta property=\"article:published_time\" content=\"2024-09-05T11:24:20+00:00\" \/>\n<meta property=\"article:modified_time\" content=\"2025-07-17T16:12:40+00:00\" \/>\n<meta property=\"og:image\" content=\"https:\/\/consuladogeral-angola.pt\/wp-content\/uploads\/2024\/09\/l_visita-consul-angola-ocs-2.jpg\" \/>\n\t<meta property=\"og:image:width\" content=\"800\" \/>\n\t<meta property=\"og:image:height\" content=\"578\" \/>\n\t<meta property=\"og:image:type\" content=\"image\/jpeg\" \/>\n<meta name=\"author\" content=\"Filipe Quinta\" \/>\n<meta name=\"twitter:card\" content=\"summary_large_image\" \/>\n<meta name=\"twitter:label1\" content=\"Written by\" \/>\n\t<meta name=\"twitter:data1\" content=\"Filipe Quinta\" \/>\n\t<meta name=\"twitter:label2\" content=\"Estimated reading time\" \/>\n\t<meta name=\"twitter:data2\" content=\"3 minutes\" \/>\n<script type=\"application\/ld+json\" class=\"yoast-schema-graph\">{\"@context\":\"https:\\\/\\\/schema.org\",\"@graph\":[{\"@type\":\"Article\",\"@id\":\"https:\\\/\\\/consuladogeral-angola.pt\\\/noticias\\\/lagos-recebe-visita-da-consul-geral-da-republica-de-angola-em-lisboa\\\/#article\",\"isPartOf\":{\"@id\":\"https:\\\/\\\/consuladogeral-angola.pt\\\/noticias\\\/lagos-recebe-visita-da-consul-geral-da-republica-de-angola-em-lisboa\\\/\"},\"author\":{\"name\":\"Filipe Quinta\",\"@id\":\"https:\\\/\\\/consuladogeral-angola.pt\\\/#\\\/schema\\\/person\\\/faa4fbfe99dfc0bd00ca9624a45d8186\"},\"headline\":\"Lagos recebe visita da C\u00f4nsul Geral da Rep\u00fablica de Angola em Lisboa\",\"datePublished\":\"2024-09-05T11:24:20+00:00\",\"dateModified\":\"2025-07-17T16:12:40+00:00\",\"mainEntityOfPage\":{\"@id\":\"https:\\\/\\\/consuladogeral-angola.pt\\\/noticias\\\/lagos-recebe-visita-da-consul-geral-da-republica-de-angola-em-lisboa\\\/\"},\"wordCount\":689,\"image\":{\"@id\":\"https:\\\/\\\/consuladogeral-angola.pt\\\/noticias\\\/lagos-recebe-visita-da-consul-geral-da-republica-de-angola-em-lisboa\\\/#primaryimage\"},\"thumbnailUrl\":\"https:\\\/\\\/consuladogeral-angola.pt\\\/wp-content\\\/uploads\\\/2024\\\/09\\\/l_visita-consul-angola-ocs-2.jpg\",\"articleSection\":[\"Not\u00edcias\"],\"inLanguage\":\"en-GB\"},{\"@type\":\"WebPage\",\"@id\":\"https:\\\/\\\/consuladogeral-angola.pt\\\/noticias\\\/lagos-recebe-visita-da-consul-geral-da-republica-de-angola-em-lisboa\\\/\",\"url\":\"https:\\\/\\\/consuladogeral-angola.pt\\\/noticias\\\/lagos-recebe-visita-da-consul-geral-da-republica-de-angola-em-lisboa\\\/\",\"name\":\"Lagos recebe visita da C\u00f4nsul Geral da Rep\u00fablica de Angola em Lisboa - Consulado Geral da Rep\u00fablica de Angola em Lisboa\",\"isPartOf\":{\"@id\":\"https:\\\/\\\/consuladogeral-angola.pt\\\/#website\"},\"primaryImageOfPage\":{\"@id\":\"https:\\\/\\\/consuladogeral-angola.pt\\\/noticias\\\/lagos-recebe-visita-da-consul-geral-da-republica-de-angola-em-lisboa\\\/#primaryimage\"},\"image\":{\"@id\":\"https:\\\/\\\/consuladogeral-angola.pt\\\/noticias\\\/lagos-recebe-visita-da-consul-geral-da-republica-de-angola-em-lisboa\\\/#primaryimage\"},\"thumbnailUrl\":\"https:\\\/\\\/consuladogeral-angola.pt\\\/wp-content\\\/uploads\\\/2024\\\/09\\\/l_visita-consul-angola-ocs-2.jpg\",\"datePublished\":\"2024-09-05T11:24:20+00:00\",\"dateModified\":\"2025-07-17T16:12:40+00:00\",\"author\":{\"@id\":\"https:\\\/\\\/consuladogeral-angola.pt\\\/#\\\/schema\\\/person\\\/faa4fbfe99dfc0bd00ca9624a45d8186\"},\"breadcrumb\":{\"@id\":\"https:\\\/\\\/consuladogeral-angola.pt\\\/noticias\\\/lagos-recebe-visita-da-consul-geral-da-republica-de-angola-em-lisboa\\\/#breadcrumb\"},\"inLanguage\":\"en-GB\",\"potentialAction\":[{\"@type\":\"ReadAction\",\"target\":[\"https:\\\/\\\/consuladogeral-angola.pt\\\/noticias\\\/lagos-recebe-visita-da-consul-geral-da-republica-de-angola-em-lisboa\\\/\"]}]},{\"@type\":\"ImageObject\",\"inLanguage\":\"en-GB\",\"@id\":\"https:\\\/\\\/consuladogeral-angola.pt\\\/noticias\\\/lagos-recebe-visita-da-consul-geral-da-republica-de-angola-em-lisboa\\\/#primaryimage\",\"url\":\"https:\\\/\\\/consuladogeral-angola.pt\\\/wp-content\\\/uploads\\\/2024\\\/09\\\/l_visita-consul-angola-ocs-2.jpg\",\"contentUrl\":\"https:\\\/\\\/consuladogeral-angola.pt\\\/wp-content\\\/uploads\\\/2024\\\/09\\\/l_visita-consul-angola-ocs-2.jpg\",\"width\":800,\"height\":578},{\"@type\":\"BreadcrumbList\",\"@id\":\"https:\\\/\\\/consuladogeral-angola.pt\\\/noticias\\\/lagos-recebe-visita-da-consul-geral-da-republica-de-angola-em-lisboa\\\/#breadcrumb\",\"itemListElement\":[{\"@type\":\"ListItem\",\"position\":1,\"name\":\"Home\",\"item\":\"https:\\\/\\\/consuladogeral-angola.pt\\\/\"},{\"@type\":\"ListItem\",\"position\":2,\"name\":\"Lagos recebe visita da C\u00f4nsul Geral da Rep\u00fablica de Angola em Lisboa\"}]},{\"@type\":\"WebSite\",\"@id\":\"https:\\\/\\\/consuladogeral-angola.pt\\\/#website\",\"url\":\"https:\\\/\\\/consuladogeral-angola.pt\\\/\",\"name\":\"Consulado Geral da Rep\u00fablica de Angola em Lisboa\",\"description\":\"\",\"potentialAction\":[{\"@type\":\"SearchAction\",\"target\":{\"@type\":\"EntryPoint\",\"urlTemplate\":\"https:\\\/\\\/consuladogeral-angola.pt\\\/?s={search_term_string}\"},\"query-input\":{\"@type\":\"PropertyValueSpecification\",\"valueRequired\":true,\"valueName\":\"search_term_string\"}}],\"inLanguage\":\"en-GB\"},{\"@type\":\"Person\",\"@id\":\"https:\\\/\\\/consuladogeral-angola.pt\\\/#\\\/schema\\\/person\\\/faa4fbfe99dfc0bd00ca9624a45d8186\",\"name\":\"Filipe Quinta\",\"image\":{\"@type\":\"ImageObject\",\"inLanguage\":\"en-GB\",\"@id\":\"https:\\\/\\\/secure.gravatar.com\\\/avatar\\\/b75e7a5e497db487209eb5fc686f25e7210c8b4c0d06b20b64d158ad395f74ac?s=96&d=mm&r=g\",\"url\":\"https:\\\/\\\/secure.gravatar.com\\\/avatar\\\/b75e7a5e497db487209eb5fc686f25e7210c8b4c0d06b20b64d158ad395f74ac?s=96&d=mm&r=g\",\"contentUrl\":\"https:\\\/\\\/secure.gravatar.com\\\/avatar\\\/b75e7a5e497db487209eb5fc686f25e7210c8b4c0d06b20b64d158ad395f74ac?s=96&d=mm&r=g\",\"caption\":\"Filipe Quinta\"},\"sameAs\":[\"https:\\\/\\\/consuladogeral-angola.pt\\\/\"],\"url\":\"https:\\\/\\\/consuladogeral-angola.pt\\\/en\\\/author\\\/filipe-quinta\\\/\"}]}<\/script>\n<!-- \/ Yoast SEO plugin. -->","yoast_head_json":{"title":"Lagos recebe visita da C\u00f4nsul Geral da Rep\u00fablica de Angola em Lisboa - Consulado Geral da Rep\u00fablica de Angola em Lisboa","robots":{"index":"index","follow":"follow","max-snippet":"max-snippet:-1","max-image-preview":"max-image-preview:large","max-video-preview":"max-video-preview:-1"},"canonical":"https:\/\/consuladogeral-angola.pt\/en\/noticias\/lagos-recebe-visita-da-consul-geral-da-republica-de-angola-em-lisboa\/","og_locale":"en_GB","og_type":"article","og_title":"Lagos recebe visita da C\u00f4nsul Geral da Rep\u00fablica de Angola em Lisboa - Consulado Geral da Rep\u00fablica de Angola em Lisboa","og_description":"O munic\u00edpio de Lagos teve ontem a visita oficial da Embaixadora Vic\u00eancia Brito, C\u00f4nsul Geral da Rep\u00fablica de Angola em Lisboa. Recebida pelo executivo municipal no audit\u00f3rio do Ed. Pa\u00e7os do Concelho s\u00e9c. XXI, a diplomata teve ainda a oportunidade de tomar contacto com os servi\u00e7os de atendimento ao p\u00fablico do Gabinete do Cidad\u00e3o e Empresas, onde funciona, entre outras val\u00eancias, o Centro Local de Apoio \u00e0 Integra\u00e7\u00e3o de Migrantes (CLAIM) (1), e de visitar o Museu de Lagos. Explicando [&hellip;]","og_url":"https:\/\/consuladogeral-angola.pt\/en\/noticias\/lagos-recebe-visita-da-consul-geral-da-republica-de-angola-em-lisboa\/","og_site_name":"Consulado Geral da Rep\u00fablica de Angola em Lisboa","article_published_time":"2024-09-05T11:24:20+00:00","article_modified_time":"2025-07-17T16:12:40+00:00","og_image":[{"width":800,"height":578,"url":"https:\/\/consuladogeral-angola.pt\/wp-content\/uploads\/2024\/09\/l_visita-consul-angola-ocs-2.jpg","type":"image\/jpeg"}],"author":"Filipe Quinta","twitter_card":"summary_large_image","twitter_misc":{"Written by":"Filipe Quinta","Estimated reading time":"3 minutes"},"schema":{"@context":"https:\/\/schema.org","@graph":[{"@type":"Article","@id":"https:\/\/consuladogeral-angola.pt\/noticias\/lagos-recebe-visita-da-consul-geral-da-republica-de-angola-em-lisboa\/#article","isPartOf":{"@id":"https:\/\/consuladogeral-angola.pt\/noticias\/lagos-recebe-visita-da-consul-geral-da-republica-de-angola-em-lisboa\/"},"author":{"name":"Filipe Quinta","@id":"https:\/\/consuladogeral-angola.pt\/#\/schema\/person\/faa4fbfe99dfc0bd00ca9624a45d8186"},"headline":"Lagos recebe visita da C\u00f4nsul Geral da Rep\u00fablica de Angola em Lisboa","datePublished":"2024-09-05T11:24:20+00:00","dateModified":"2025-07-17T16:12:40+00:00","mainEntityOfPage":{"@id":"https:\/\/consuladogeral-angola.pt\/noticias\/lagos-recebe-visita-da-consul-geral-da-republica-de-angola-em-lisboa\/"},"wordCount":689,"image":{"@id":"https:\/\/consuladogeral-angola.pt\/noticias\/lagos-recebe-visita-da-consul-geral-da-republica-de-angola-em-lisboa\/#primaryimage"},"thumbnailUrl":"https:\/\/consuladogeral-angola.pt\/wp-content\/uploads\/2024\/09\/l_visita-consul-angola-ocs-2.jpg","articleSection":["Not\u00edcias"],"inLanguage":"en-GB"},{"@type":"WebPage","@id":"https:\/\/consuladogeral-angola.pt\/noticias\/lagos-recebe-visita-da-consul-geral-da-republica-de-angola-em-lisboa\/","url":"https:\/\/consuladogeral-angola.pt\/noticias\/lagos-recebe-visita-da-consul-geral-da-republica-de-angola-em-lisboa\/","name":"Lagos recebe visita da C\u00f4nsul Geral da Rep\u00fablica de Angola em Lisboa - Consulado Geral da Rep\u00fablica de Angola em Lisboa","isPartOf":{"@id":"https:\/\/consuladogeral-angola.pt\/#website"},"primaryImageOfPage":{"@id":"https:\/\/consuladogeral-angola.pt\/noticias\/lagos-recebe-visita-da-consul-geral-da-republica-de-angola-em-lisboa\/#primaryimage"},"image":{"@id":"https:\/\/consuladogeral-angola.pt\/noticias\/lagos-recebe-visita-da-consul-geral-da-republica-de-angola-em-lisboa\/#primaryimage"},"thumbnailUrl":"https:\/\/consuladogeral-angola.pt\/wp-content\/uploads\/2024\/09\/l_visita-consul-angola-ocs-2.jpg","datePublished":"2024-09-05T11:24:20+00:00","dateModified":"2025-07-17T16:12:40+00:00","author":{"@id":"https:\/\/consuladogeral-angola.pt\/#\/schema\/person\/faa4fbfe99dfc0bd00ca9624a45d8186"},"breadcrumb":{"@id":"https:\/\/consuladogeral-angola.pt\/noticias\/lagos-recebe-visita-da-consul-geral-da-republica-de-angola-em-lisboa\/#breadcrumb"},"inLanguage":"en-GB","potentialAction":[{"@type":"ReadAction","target":["https:\/\/consuladogeral-angola.pt\/noticias\/lagos-recebe-visita-da-consul-geral-da-republica-de-angola-em-lisboa\/"]}]},{"@type":"ImageObject","inLanguage":"en-GB","@id":"https:\/\/consuladogeral-angola.pt\/noticias\/lagos-recebe-visita-da-consul-geral-da-republica-de-angola-em-lisboa\/#primaryimage","url":"https:\/\/consuladogeral-angola.pt\/wp-content\/uploads\/2024\/09\/l_visita-consul-angola-ocs-2.jpg","contentUrl":"https:\/\/consuladogeral-angola.pt\/wp-content\/uploads\/2024\/09\/l_visita-consul-angola-ocs-2.jpg","width":800,"height":578},{"@type":"BreadcrumbList","@id":"https:\/\/consuladogeral-angola.pt\/noticias\/lagos-recebe-visita-da-consul-geral-da-republica-de-angola-em-lisboa\/#breadcrumb","itemListElement":[{"@type":"ListItem","position":1,"name":"Home","item":"https:\/\/consuladogeral-angola.pt\/"},{"@type":"ListItem","position":2,"name":"Lagos recebe visita da C\u00f4nsul Geral da Rep\u00fablica de Angola em Lisboa"}]},{"@type":"WebSite","@id":"https:\/\/consuladogeral-angola.pt\/#website","url":"https:\/\/consuladogeral-angola.pt\/","name":"Consulate General of the Republic of Angola in Lisbon","description":"","potentialAction":[{"@type":"SearchAction","target":{"@type":"EntryPoint","urlTemplate":"https:\/\/consuladogeral-angola.pt\/?s={search_term_string}"},"query-input":{"@type":"PropertyValueSpecification","valueRequired":true,"valueName":"search_term_string"}}],"inLanguage":"en-GB"},{"@type":"Person","@id":"https:\/\/consuladogeral-angola.pt\/#\/schema\/person\/faa4fbfe99dfc0bd00ca9624a45d8186","name":"Filipe Quinta","image":{"@type":"ImageObject","inLanguage":"en-GB","@id":"https:\/\/secure.gravatar.com\/avatar\/b75e7a5e497db487209eb5fc686f25e7210c8b4c0d06b20b64d158ad395f74ac?s=96&d=mm&r=g","url":"https:\/\/secure.gravatar.com\/avatar\/b75e7a5e497db487209eb5fc686f25e7210c8b4c0d06b20b64d158ad395f74ac?s=96&d=mm&r=g","contentUrl":"https:\/\/secure.gravatar.com\/avatar\/b75e7a5e497db487209eb5fc686f25e7210c8b4c0d06b20b64d158ad395f74ac?s=96&d=mm&r=g","caption":"Filipe Quinta"},"sameAs":["https:\/\/consuladogeral-angola.pt\/"],"url":"https:\/\/consuladogeral-angola.pt\/en\/author\/filipe-quinta\/"}]}},"_links":{"self":[{"href":"https:\/\/consuladogeral-angola.pt\/en\/wp-json\/wp\/v2\/posts\/3439","targetHints":{"allow":["GET"]}}],"collection":[{"href":"https:\/\/consuladogeral-angola.pt\/en\/wp-json\/wp\/v2\/posts"}],"about":[{"href":"https:\/\/consuladogeral-angola.pt\/en\/wp-json\/wp\/v2\/types\/post"}],"author":[{"embeddable":true,"href":"https:\/\/consuladogeral-angola.pt\/en\/wp-json\/wp\/v2\/users\/4"}],"replies":[{"embeddable":true,"href":"https:\/\/consuladogeral-angola.pt\/en\/wp-json\/wp\/v2\/comments?post=3439"}],"version-history":[{"count":1,"href":"https:\/\/consuladogeral-angola.pt\/en\/wp-json\/wp\/v2\/posts\/3439\/revisions"}],"predecessor-version":[{"id":3441,"href":"https:\/\/consuladogeral-angola.pt\/en\/wp-json\/wp\/v2\/posts\/3439\/revisions\/3441"}],"wp:featuredmedia":[{"embeddable":true,"href":"https:\/\/consuladogeral-angola.pt\/en\/wp-json\/wp\/v2\/media\/3440"}],"wp:attachment":[{"href":"https:\/\/consuladogeral-angola.pt\/en\/wp-json\/wp\/v2\/media?parent=3439"}],"wp:term":[{"taxonomy":"category","embeddable":true,"href":"https:\/\/consuladogeral-angola.pt\/en\/wp-json\/wp\/v2\/categories?post=3439"},{"taxonomy":"post_tag","embeddable":true,"href":"https:\/\/consuladogeral-angola.pt\/en\/wp-json\/wp\/v2\/tags?post=3439"}],"curies":[{"name":"wp","href":"https:\/\/api.w.org\/{rel}","templated":true}]}}