{"id":3445,"date":"2024-09-05T11:30:50","date_gmt":"2024-09-05T11:30:50","guid":{"rendered":"https:\/\/consuladogeral-angola.pt\/?p=3445"},"modified":"2025-07-17T16:12:39","modified_gmt":"2025-07-17T16:12:39","slug":"consulado-geral-da-republica-de-angola-em-lisboa-realizou-atos-consulares-no-entroncamento","status":"publish","type":"post","link":"https:\/\/consuladogeral-angola.pt\/en\/noticias\/consulado-geral-da-republica-de-angola-em-lisboa-realizou-atos-consulares-no-entroncamento\/","title":{"rendered":"Consulado Geral da Rep\u00fablica de Angola em Lisboa realizou atos consulares no Entroncamento"},"content":{"rendered":"<p>O Munic\u00edpio do Entroncamento recebeu no dia 4 de novembro a visita da Embaixadora Vic\u00eancia Ferreira Morais de Brito, C\u00f4nsul Geral da Rep\u00fablica de Angola, em Lisboa.<\/p>\n\n\n\n<p>Esta visita teve como objetivo realizar atos consulares itinerantes, que tiveram lugar no CENPRE, nos dias 5 e 6 de novembro e auscultar os problemas da comunidade angolana residentes no Entroncamento.<\/p>\n\n\n\n<p>A comitiva do Consulado, foi recebida nos Pa\u00e7os do Concelho, onde falaram sobre o Entroncamento e sobre a comunidade Angolana residente na cidade, tendo sido tamb\u00e9m feita uma visita ao Museu Nacional Ferrovi\u00e1rio.<\/p>\n\n\n\n<p><strong>FONTE: C\u00e2mara Municipal do Entroncamento &#8211;<\/strong> <a href=\"https:\/\/www.cm-entroncamento.pt\/pt\/noticias\/4690-consulado-geral-da-republica-de-angola-em-lisboa-realizou-atos-consulares-no-entroncamento\">CM Entroncamento &#8211; Consulado Geral da Rep\u00fablica de Angola em Lisboa realizou atos consulares no Entroncamento (cm-entroncamento.pt)<\/a><\/p>","protected":false},"excerpt":{"rendered":"<p>O Munic\u00edpio do Entroncamento recebeu no dia 4 de novembro a visita da Embaixadora Vic\u00eancia Ferreira Morais de Brito, C\u00f4nsul Geral da Rep\u00fablica de Angola, em Lisboa. Esta visita teve como objetivo realizar atos consulares itinerantes, que tiveram lugar no CENPRE, nos dias 5 e 6 de novembro e auscultar os problemas da comunidade angolana residentes no Entroncamento. A comitiva do Consulado, foi recebida nos Pa\u00e7os do Concelho, onde falaram sobre o Entroncamento e sobre a comunidade Angolana residente na [&hellip;]<\/p>\n","protected":false},"author":4,"featured_media":3446,"comment_status":"closed","ping_status":"open","sticky":false,"template":"","format":"standard","meta":{"_acf_changed":false,"footnotes":""},"categories":[3],"tags":[],"class_list":["post-3445","post","type-post","status-publish","format-standard","has-post-thumbnail","hentry","category-noticias"],"acf":[],"yoast_head":"<!-- This site is optimized with the Yoast SEO plugin v27.4 - https:\/\/yoast.com\/product\/yoast-seo-wordpress\/ -->\n<title>Consulado Geral da Rep\u00fablica de Angola em Lisboa realizou atos consulares no Entroncamento - Consulado Geral da Rep\u00fablica de Angola em Lisboa<\/title>\n<meta name=\"robots\" content=\"index, follow, max-snippet:-1, max-image-preview:large, max-video-preview:-1\" \/>\n<link rel=\"canonical\" href=\"https:\/\/consuladogeral-angola.pt\/en\/noticias\/consulado-geral-da-republica-de-angola-em-lisboa-realizou-atos-consulares-no-entroncamento\/\" \/>\n<meta property=\"og:locale\" content=\"en_GB\" \/>\n<meta property=\"og:type\" content=\"article\" \/>\n<meta property=\"og:title\" content=\"Consulado Geral da Rep\u00fablica de Angola em Lisboa realizou atos consulares no Entroncamento - Consulado Geral da Rep\u00fablica de Angola em Lisboa\" \/>\n<meta property=\"og:description\" content=\"O Munic\u00edpio do Entroncamento recebeu no dia 4 de novembro a visita da Embaixadora Vic\u00eancia Ferreira Morais de Brito, C\u00f4nsul Geral da Rep\u00fablica de Angola, em Lisboa. Esta visita teve como objetivo realizar atos consulares itinerantes, que tiveram lugar no CENPRE, nos dias 5 e 6 de novembro e auscultar os problemas da comunidade angolana residentes no Entroncamento. A comitiva do Consulado, foi recebida nos Pa\u00e7os do Concelho, onde falaram sobre o Entroncamento e sobre a comunidade Angolana residente na [&hellip;]\" \/>\n<meta property=\"og:url\" content=\"https:\/\/consuladogeral-angola.pt\/en\/noticias\/consulado-geral-da-republica-de-angola-em-lisboa-realizou-atos-consulares-no-entroncamento\/\" \/>\n<meta property=\"og:site_name\" content=\"Consulado Geral da Rep\u00fablica de Angola em Lisboa\" \/>\n<meta property=\"article:published_time\" content=\"2024-09-05T11:30:50+00:00\" \/>\n<meta property=\"article:modified_time\" content=\"2025-07-17T16:12:39+00:00\" \/>\n<meta property=\"og:image\" content=\"https:\/\/consuladogeral-angola.pt\/wp-content\/uploads\/2024\/09\/Consul_Angola_HP.jpg\" \/>\n\t<meta property=\"og:image:width\" content=\"800\" \/>\n\t<meta property=\"og:image:height\" content=\"533\" \/>\n\t<meta property=\"og:image:type\" content=\"image\/jpeg\" \/>\n<meta name=\"author\" content=\"Filipe Quinta\" \/>\n<meta name=\"twitter:card\" content=\"summary_large_image\" \/>\n<meta name=\"twitter:label1\" content=\"Written by\" \/>\n\t<meta name=\"twitter:data1\" content=\"Filipe Quinta\" \/>\n\t<meta name=\"twitter:label2\" content=\"Estimated reading time\" \/>\n\t<meta name=\"twitter:data2\" content=\"1 minute\" \/>\n<script type=\"application\/ld+json\" class=\"yoast-schema-graph\">{\"@context\":\"https:\\\/\\\/schema.org\",\"@graph\":[{\"@type\":\"Article\",\"@id\":\"https:\\\/\\\/consuladogeral-angola.pt\\\/noticias\\\/consulado-geral-da-republica-de-angola-em-lisboa-realizou-atos-consulares-no-entroncamento\\\/#article\",\"isPartOf\":{\"@id\":\"https:\\\/\\\/consuladogeral-angola.pt\\\/noticias\\\/consulado-geral-da-republica-de-angola-em-lisboa-realizou-atos-consulares-no-entroncamento\\\/\"},\"author\":{\"name\":\"Filipe Quinta\",\"@id\":\"https:\\\/\\\/consuladogeral-angola.pt\\\/#\\\/schema\\\/person\\\/faa4fbfe99dfc0bd00ca9624a45d8186\"},\"headline\":\"Consulado Geral da Rep\u00fablica de Angola em Lisboa realizou atos consulares no Entroncamento\",\"datePublished\":\"2024-09-05T11:30:50+00:00\",\"dateModified\":\"2025-07-17T16:12:39+00:00\",\"mainEntityOfPage\":{\"@id\":\"https:\\\/\\\/consuladogeral-angola.pt\\\/noticias\\\/consulado-geral-da-republica-de-angola-em-lisboa-realizou-atos-consulares-no-entroncamento\\\/\"},\"wordCount\":135,\"image\":{\"@id\":\"https:\\\/\\\/consuladogeral-angola.pt\\\/noticias\\\/consulado-geral-da-republica-de-angola-em-lisboa-realizou-atos-consulares-no-entroncamento\\\/#primaryimage\"},\"thumbnailUrl\":\"https:\\\/\\\/consuladogeral-angola.pt\\\/wp-content\\\/uploads\\\/2024\\\/09\\\/Consul_Angola_HP.jpg\",\"articleSection\":[\"Not\u00edcias\"],\"inLanguage\":\"en-GB\"},{\"@type\":\"WebPage\",\"@id\":\"https:\\\/\\\/consuladogeral-angola.pt\\\/noticias\\\/consulado-geral-da-republica-de-angola-em-lisboa-realizou-atos-consulares-no-entroncamento\\\/\",\"url\":\"https:\\\/\\\/consuladogeral-angola.pt\\\/noticias\\\/consulado-geral-da-republica-de-angola-em-lisboa-realizou-atos-consulares-no-entroncamento\\\/\",\"name\":\"Consulado Geral da Rep\u00fablica de Angola em Lisboa realizou atos consulares no Entroncamento - Consulado Geral da Rep\u00fablica de Angola em Lisboa\",\"isPartOf\":{\"@id\":\"https:\\\/\\\/consuladogeral-angola.pt\\\/#website\"},\"primaryImageOfPage\":{\"@id\":\"https:\\\/\\\/consuladogeral-angola.pt\\\/noticias\\\/consulado-geral-da-republica-de-angola-em-lisboa-realizou-atos-consulares-no-entroncamento\\\/#primaryimage\"},\"image\":{\"@id\":\"https:\\\/\\\/consuladogeral-angola.pt\\\/noticias\\\/consulado-geral-da-republica-de-angola-em-lisboa-realizou-atos-consulares-no-entroncamento\\\/#primaryimage\"},\"thumbnailUrl\":\"https:\\\/\\\/consuladogeral-angola.pt\\\/wp-content\\\/uploads\\\/2024\\\/09\\\/Consul_Angola_HP.jpg\",\"datePublished\":\"2024-09-05T11:30:50+00:00\",\"dateModified\":\"2025-07-17T16:12:39+00:00\",\"author\":{\"@id\":\"https:\\\/\\\/consuladogeral-angola.pt\\\/#\\\/schema\\\/person\\\/faa4fbfe99dfc0bd00ca9624a45d8186\"},\"breadcrumb\":{\"@id\":\"https:\\\/\\\/consuladogeral-angola.pt\\\/noticias\\\/consulado-geral-da-republica-de-angola-em-lisboa-realizou-atos-consulares-no-entroncamento\\\/#breadcrumb\"},\"inLanguage\":\"en-GB\",\"potentialAction\":[{\"@type\":\"ReadAction\",\"target\":[\"https:\\\/\\\/consuladogeral-angola.pt\\\/noticias\\\/consulado-geral-da-republica-de-angola-em-lisboa-realizou-atos-consulares-no-entroncamento\\\/\"]}]},{\"@type\":\"ImageObject\",\"inLanguage\":\"en-GB\",\"@id\":\"https:\\\/\\\/consuladogeral-angola.pt\\\/noticias\\\/consulado-geral-da-republica-de-angola-em-lisboa-realizou-atos-consulares-no-entroncamento\\\/#primaryimage\",\"url\":\"https:\\\/\\\/consuladogeral-angola.pt\\\/wp-content\\\/uploads\\\/2024\\\/09\\\/Consul_Angola_HP.jpg\",\"contentUrl\":\"https:\\\/\\\/consuladogeral-angola.pt\\\/wp-content\\\/uploads\\\/2024\\\/09\\\/Consul_Angola_HP.jpg\",\"width\":800,\"height\":533},{\"@type\":\"BreadcrumbList\",\"@id\":\"https:\\\/\\\/consuladogeral-angola.pt\\\/noticias\\\/consulado-geral-da-republica-de-angola-em-lisboa-realizou-atos-consulares-no-entroncamento\\\/#breadcrumb\",\"itemListElement\":[{\"@type\":\"ListItem\",\"position\":1,\"name\":\"Home\",\"item\":\"https:\\\/\\\/consuladogeral-angola.pt\\\/\"},{\"@type\":\"ListItem\",\"position\":2,\"name\":\"Consulado Geral da Rep\u00fablica de Angola em Lisboa realizou atos consulares no Entroncamento\"}]},{\"@type\":\"WebSite\",\"@id\":\"https:\\\/\\\/consuladogeral-angola.pt\\\/#website\",\"url\":\"https:\\\/\\\/consuladogeral-angola.pt\\\/\",\"name\":\"Consulado Geral da Rep\u00fablica de Angola em Lisboa\",\"description\":\"\",\"potentialAction\":[{\"@type\":\"SearchAction\",\"target\":{\"@type\":\"EntryPoint\",\"urlTemplate\":\"https:\\\/\\\/consuladogeral-angola.pt\\\/?s={search_term_string}\"},\"query-input\":{\"@type\":\"PropertyValueSpecification\",\"valueRequired\":true,\"valueName\":\"search_term_string\"}}],\"inLanguage\":\"en-GB\"},{\"@type\":\"Person\",\"@id\":\"https:\\\/\\\/consuladogeral-angola.pt\\\/#\\\/schema\\\/person\\\/faa4fbfe99dfc0bd00ca9624a45d8186\",\"name\":\"Filipe Quinta\",\"image\":{\"@type\":\"ImageObject\",\"inLanguage\":\"en-GB\",\"@id\":\"https:\\\/\\\/secure.gravatar.com\\\/avatar\\\/b75e7a5e497db487209eb5fc686f25e7210c8b4c0d06b20b64d158ad395f74ac?s=96&d=mm&r=g\",\"url\":\"https:\\\/\\\/secure.gravatar.com\\\/avatar\\\/b75e7a5e497db487209eb5fc686f25e7210c8b4c0d06b20b64d158ad395f74ac?s=96&d=mm&r=g\",\"contentUrl\":\"https:\\\/\\\/secure.gravatar.com\\\/avatar\\\/b75e7a5e497db487209eb5fc686f25e7210c8b4c0d06b20b64d158ad395f74ac?s=96&d=mm&r=g\",\"caption\":\"Filipe Quinta\"},\"sameAs\":[\"https:\\\/\\\/consuladogeral-angola.pt\\\/\"],\"url\":\"https:\\\/\\\/consuladogeral-angola.pt\\\/en\\\/author\\\/filipe-quinta\\\/\"}]}<\/script>\n<!-- \/ Yoast SEO plugin. -->","yoast_head_json":{"title":"Consulado Geral da Rep\u00fablica de Angola em Lisboa realizou atos consulares no Entroncamento - Consulado Geral da Rep\u00fablica de Angola em Lisboa","robots":{"index":"index","follow":"follow","max-snippet":"max-snippet:-1","max-image-preview":"max-image-preview:large","max-video-preview":"max-video-preview:-1"},"canonical":"https:\/\/consuladogeral-angola.pt\/en\/noticias\/consulado-geral-da-republica-de-angola-em-lisboa-realizou-atos-consulares-no-entroncamento\/","og_locale":"en_GB","og_type":"article","og_title":"Consulado Geral da Rep\u00fablica de Angola em Lisboa realizou atos consulares no Entroncamento - Consulado Geral da Rep\u00fablica de Angola em Lisboa","og_description":"O Munic\u00edpio do Entroncamento recebeu no dia 4 de novembro a visita da Embaixadora Vic\u00eancia Ferreira Morais de Brito, C\u00f4nsul Geral da Rep\u00fablica de Angola, em Lisboa. Esta visita teve como objetivo realizar atos consulares itinerantes, que tiveram lugar no CENPRE, nos dias 5 e 6 de novembro e auscultar os problemas da comunidade angolana residentes no Entroncamento. A comitiva do Consulado, foi recebida nos Pa\u00e7os do Concelho, onde falaram sobre o Entroncamento e sobre a comunidade Angolana residente na [&hellip;]","og_url":"https:\/\/consuladogeral-angola.pt\/en\/noticias\/consulado-geral-da-republica-de-angola-em-lisboa-realizou-atos-consulares-no-entroncamento\/","og_site_name":"Consulado Geral da Rep\u00fablica de Angola em Lisboa","article_published_time":"2024-09-05T11:30:50+00:00","article_modified_time":"2025-07-17T16:12:39+00:00","og_image":[{"width":800,"height":533,"url":"https:\/\/consuladogeral-angola.pt\/wp-content\/uploads\/2024\/09\/Consul_Angola_HP.jpg","type":"image\/jpeg"}],"author":"Filipe Quinta","twitter_card":"summary_large_image","twitter_misc":{"Written by":"Filipe Quinta","Estimated reading time":"1 minute"},"schema":{"@context":"https:\/\/schema.org","@graph":[{"@type":"Article","@id":"https:\/\/consuladogeral-angola.pt\/noticias\/consulado-geral-da-republica-de-angola-em-lisboa-realizou-atos-consulares-no-entroncamento\/#article","isPartOf":{"@id":"https:\/\/consuladogeral-angola.pt\/noticias\/consulado-geral-da-republica-de-angola-em-lisboa-realizou-atos-consulares-no-entroncamento\/"},"author":{"name":"Filipe Quinta","@id":"https:\/\/consuladogeral-angola.pt\/#\/schema\/person\/faa4fbfe99dfc0bd00ca9624a45d8186"},"headline":"Consulado Geral da Rep\u00fablica de Angola em Lisboa realizou atos consulares no Entroncamento","datePublished":"2024-09-05T11:30:50+00:00","dateModified":"2025-07-17T16:12:39+00:00","mainEntityOfPage":{"@id":"https:\/\/consuladogeral-angola.pt\/noticias\/consulado-geral-da-republica-de-angola-em-lisboa-realizou-atos-consulares-no-entroncamento\/"},"wordCount":135,"image":{"@id":"https:\/\/consuladogeral-angola.pt\/noticias\/consulado-geral-da-republica-de-angola-em-lisboa-realizou-atos-consulares-no-entroncamento\/#primaryimage"},"thumbnailUrl":"https:\/\/consuladogeral-angola.pt\/wp-content\/uploads\/2024\/09\/Consul_Angola_HP.jpg","articleSection":["Not\u00edcias"],"inLanguage":"en-GB"},{"@type":"WebPage","@id":"https:\/\/consuladogeral-angola.pt\/noticias\/consulado-geral-da-republica-de-angola-em-lisboa-realizou-atos-consulares-no-entroncamento\/","url":"https:\/\/consuladogeral-angola.pt\/noticias\/consulado-geral-da-republica-de-angola-em-lisboa-realizou-atos-consulares-no-entroncamento\/","name":"Consulado Geral da Rep\u00fablica de Angola em Lisboa realizou atos consulares no Entroncamento - Consulado Geral da Rep\u00fablica de Angola em Lisboa","isPartOf":{"@id":"https:\/\/consuladogeral-angola.pt\/#website"},"primaryImageOfPage":{"@id":"https:\/\/consuladogeral-angola.pt\/noticias\/consulado-geral-da-republica-de-angola-em-lisboa-realizou-atos-consulares-no-entroncamento\/#primaryimage"},"image":{"@id":"https:\/\/consuladogeral-angola.pt\/noticias\/consulado-geral-da-republica-de-angola-em-lisboa-realizou-atos-consulares-no-entroncamento\/#primaryimage"},"thumbnailUrl":"https:\/\/consuladogeral-angola.pt\/wp-content\/uploads\/2024\/09\/Consul_Angola_HP.jpg","datePublished":"2024-09-05T11:30:50+00:00","dateModified":"2025-07-17T16:12:39+00:00","author":{"@id":"https:\/\/consuladogeral-angola.pt\/#\/schema\/person\/faa4fbfe99dfc0bd00ca9624a45d8186"},"breadcrumb":{"@id":"https:\/\/consuladogeral-angola.pt\/noticias\/consulado-geral-da-republica-de-angola-em-lisboa-realizou-atos-consulares-no-entroncamento\/#breadcrumb"},"inLanguage":"en-GB","potentialAction":[{"@type":"ReadAction","target":["https:\/\/consuladogeral-angola.pt\/noticias\/consulado-geral-da-republica-de-angola-em-lisboa-realizou-atos-consulares-no-entroncamento\/"]}]},{"@type":"ImageObject","inLanguage":"en-GB","@id":"https:\/\/consuladogeral-angola.pt\/noticias\/consulado-geral-da-republica-de-angola-em-lisboa-realizou-atos-consulares-no-entroncamento\/#primaryimage","url":"https:\/\/consuladogeral-angola.pt\/wp-content\/uploads\/2024\/09\/Consul_Angola_HP.jpg","contentUrl":"https:\/\/consuladogeral-angola.pt\/wp-content\/uploads\/2024\/09\/Consul_Angola_HP.jpg","width":800,"height":533},{"@type":"BreadcrumbList","@id":"https:\/\/consuladogeral-angola.pt\/noticias\/consulado-geral-da-republica-de-angola-em-lisboa-realizou-atos-consulares-no-entroncamento\/#breadcrumb","itemListElement":[{"@type":"ListItem","position":1,"name":"Home","item":"https:\/\/consuladogeral-angola.pt\/"},{"@type":"ListItem","position":2,"name":"Consulado Geral da Rep\u00fablica de Angola em Lisboa realizou atos consulares no Entroncamento"}]},{"@type":"WebSite","@id":"https:\/\/consuladogeral-angola.pt\/#website","url":"https:\/\/consuladogeral-angola.pt\/","name":"Consulate General of the Republic of Angola in Lisbon","description":"","potentialAction":[{"@type":"SearchAction","target":{"@type":"EntryPoint","urlTemplate":"https:\/\/consuladogeral-angola.pt\/?s={search_term_string}"},"query-input":{"@type":"PropertyValueSpecification","valueRequired":true,"valueName":"search_term_string"}}],"inLanguage":"en-GB"},{"@type":"Person","@id":"https:\/\/consuladogeral-angola.pt\/#\/schema\/person\/faa4fbfe99dfc0bd00ca9624a45d8186","name":"Filipe Quinta","image":{"@type":"ImageObject","inLanguage":"en-GB","@id":"https:\/\/secure.gravatar.com\/avatar\/b75e7a5e497db487209eb5fc686f25e7210c8b4c0d06b20b64d158ad395f74ac?s=96&d=mm&r=g","url":"https:\/\/secure.gravatar.com\/avatar\/b75e7a5e497db487209eb5fc686f25e7210c8b4c0d06b20b64d158ad395f74ac?s=96&d=mm&r=g","contentUrl":"https:\/\/secure.gravatar.com\/avatar\/b75e7a5e497db487209eb5fc686f25e7210c8b4c0d06b20b64d158ad395f74ac?s=96&d=mm&r=g","caption":"Filipe Quinta"},"sameAs":["https:\/\/consuladogeral-angola.pt\/"],"url":"https:\/\/consuladogeral-angola.pt\/en\/author\/filipe-quinta\/"}]}},"_links":{"self":[{"href":"https:\/\/consuladogeral-angola.pt\/en\/wp-json\/wp\/v2\/posts\/3445","targetHints":{"allow":["GET"]}}],"collection":[{"href":"https:\/\/consuladogeral-angola.pt\/en\/wp-json\/wp\/v2\/posts"}],"about":[{"href":"https:\/\/consuladogeral-angola.pt\/en\/wp-json\/wp\/v2\/types\/post"}],"author":[{"embeddable":true,"href":"https:\/\/consuladogeral-angola.pt\/en\/wp-json\/wp\/v2\/users\/4"}],"replies":[{"embeddable":true,"href":"https:\/\/consuladogeral-angola.pt\/en\/wp-json\/wp\/v2\/comments?post=3445"}],"version-history":[{"count":1,"href":"https:\/\/consuladogeral-angola.pt\/en\/wp-json\/wp\/v2\/posts\/3445\/revisions"}],"predecessor-version":[{"id":3447,"href":"https:\/\/consuladogeral-angola.pt\/en\/wp-json\/wp\/v2\/posts\/3445\/revisions\/3447"}],"wp:featuredmedia":[{"embeddable":true,"href":"https:\/\/consuladogeral-angola.pt\/en\/wp-json\/wp\/v2\/media\/3446"}],"wp:attachment":[{"href":"https:\/\/consuladogeral-angola.pt\/en\/wp-json\/wp\/v2\/media?parent=3445"}],"wp:term":[{"taxonomy":"category","embeddable":true,"href":"https:\/\/consuladogeral-angola.pt\/en\/wp-json\/wp\/v2\/categories?post=3445"},{"taxonomy":"post_tag","embeddable":true,"href":"https:\/\/consuladogeral-angola.pt\/en\/wp-json\/wp\/v2\/tags?post=3445"}],"curies":[{"name":"wp","href":"https:\/\/api.w.org\/{rel}","templated":true}]}}