{"id":3448,"date":"2024-09-05T11:34:11","date_gmt":"2024-09-05T11:34:11","guid":{"rendered":"https:\/\/consuladogeral-angola.pt\/?p=3448"},"modified":"2025-07-17T16:12:38","modified_gmt":"2025-07-17T16:12:38","slug":"quarteira-e-albufeira-uniram-se-para-celebrar-o-dia-de-angola-com-a-presenca-da-embaixadora-vicencia-de-brito","status":"publish","type":"post","link":"https:\/\/consuladogeral-angola.pt\/en\/noticias\/quarteira-e-albufeira-uniram-se-para-celebrar-o-dia-de-angola-com-a-presenca-da-embaixadora-vicencia-de-brito\/","title":{"rendered":"Quarteira e Albufeira uniram-se para celebrar o Dia de Angola com a presen\u00e7a da Embaixadora Vicencia de Brito"},"content":{"rendered":"<p>O Dia da Independ\u00eancia de Angola \u2013 11 de Novembro foi comemorado com um jantar em Albufeira, no sal\u00e3o de reuni\u00f5es da Junta de Freguesia de Olhos de \u00c1gua, rigorosamente decorado com motivos angolanos e com gastronomia tradicional angolana.<\/p>\n\n\n\n<p>Uma iniciativa conjunta da&nbsp;<a href=\"https:\/\/www.facebook.com\/apalgar.associacao\"><strong>APALGAR&nbsp;<\/strong><\/a>\u2013 Associa\u00e7\u00e3o de Amizade dos Palop no Algarve, sediada em Quarteira e da&nbsp;<a href=\"https:\/\/aanga.webnode.pt\/\"><strong>AANGA<\/strong><\/a>&nbsp;\u2013 Associa\u00e7\u00e3o de Angolanos e Amigos de Angola em Albufeira.<\/p>\n\n\n\n<p>A APALGAR fez-se representar por uma comitiva liderada pelo seu presidente, Francisco Sales.<\/p>\n\n\n\n<p>Por seu lado, a ANNGA fez-se representar por uma comitiva soba lideran\u00e7a de Ivelise Haushchild.<\/p>\n\n\n\n<p>A comemora\u00e7\u00e3o contou com a presen\u00e7a da Embaixadora Vicencia de Brito, do Consulado Geral da Rep\u00fablica de Angola em Portugal; do presidente da C\u00e2mara Municipal de Albufeira, Jos\u00e9 Carlos Rolo; e da presidente da Junta de Freguesia de Albufeira e Olhos de \u00c1gua, Indaleta Cabrita.<\/p>\n\n\n\n<p><strong>Ivelise Haushchild<\/strong>&nbsp;deu as boas-vindas a todos, salientado: \u201c<em>Decidimos proporcionar este jantar a todos os nossos associados para comemorar o 48.\u00ba Anivers\u00e1rio da independ\u00eancia de Angola\u201d, agradecendo \u201c\u00e0 senhora c\u00f4nsul, que nos deu o prazer da sua presen\u00e7a; ao nosso presidente da c\u00e2mara, Dr. Rolo; \u00e0 nossa presidente da junta de freguesia, Dr.\u00aa Indaleta Cabrita, que nos proporcionou este espa\u00e7o; ao professor Sales, \u00e0 madalena e \u00e0 isabel, da APALGAR; \u00e0 Aura, de Portim\u00e3o e a todos voc\u00eas que nos ajudaram a concretizar este jantar<\/em>\u201c.<\/p>\n\n\n\n<p><strong>Francisco Sales<\/strong>&nbsp;come\u00e7ou por salientar: \u201c<em>Quando, na madrugada de 11 de Novembro de 1975, o saudoso Presidente Ant\u00f3nio Agostinho Neto proclamou solenemente, em nome do Povo Angolano, perante a \u00c1frica e o Mundo a Independ\u00eancia Nacional de Angola, nascia um novo pa\u00eds e sagrava-se a esperan\u00e7a de todo um Povo. Naquela noite, juntos celebraram com j\u00fabilo o culminar de uma longa e dif\u00edcil caminhada.<\/em><\/p>\n\n\n\n<p><em>A partir da\u00ed, foram colocados perante todos os Angolanos grandes testes \u00e0 sua capacidade de resist\u00eancia, \u00e0 sua destemida capacidade de lutar pelos seus direitos e objetivos, \u00e0 sua inquebrant\u00e1vel uni\u00e3o perante os grandes desafios e \u00e0 sua firme vontade de vencer. Unidos, lutaram e venceram o desafio da Independ\u00eancia.<\/em><\/p>\n\n\n\n<p><em>Infelizmente, a alegria aclamada pela Independ\u00eancia Nacional foi adiada logo ap\u00f3s o seu in\u00edcio. A guerra prolongada dilacerou a vida de muitos angolanos, destruiu o pa\u00eds e impediu a realiza\u00e7\u00e3o dos sonhos da Independ\u00eancia. Tamb\u00e9m neste dom\u00ednio, as capacidades de resist\u00eancia, de luta, de uni\u00e3o e forte vontade de vencer os desafios foram postas \u00e0 prova. Por\u00e9m, mais uma vez, Angola venceu. Conquistaram a paz, mantiveram a unidade nacional e, com o perd\u00e3o sincero no rosto e na alma de cada angolano, reconciliaram a Na\u00e7\u00e3o.<\/em><\/p>\n\n\n\n<p><em>Nos mais de 20 anos de paz, juntos fizeram um caminho que os deve orgulhar. O pa\u00eds vem sendo reconstru\u00eddo; construiu e reconstruiu portos, aeroportos e caminhos de ferro, investiu na Educa\u00e7\u00e3o e na Sa\u00fade atrav\u00e9s da constru\u00e7\u00e3o e reconstru\u00e7\u00e3o de escolas e hospitais em todo o pa\u00eds e do recrutamento de milhares de professores, m\u00e9dicos e enfermeiros.<\/em><\/p>\n\n\n\n<p><em>O caminho tem sido longo e dif\u00edcil, mas, com determina\u00e7\u00e3o, com coragem, com uni\u00e3o, com a vontade de vencer, com a capacidade de resist\u00eancia, com a intelig\u00eancia e com a criatividade, Angola e os Angolanos venceram.<\/em><\/p>\n\n\n\n<p><em>Foi neste contexto que n\u00f3s, da parte da APALGAR, que nestes 25 anos de exist\u00eancia, temos comemorado o Fest\u2019\u00c1frica, a Independ\u00eancia de Angola e outras iniciativas. \u00c9 assim que sabemos estar. Viva Angola! Viva Portugal!\u201d.<\/em><\/p>\n\n\n\n<p>Por seu lado, a&nbsp;<strong>Embaixadora Vicencia de Brito<\/strong>&nbsp;sustentou: \u201c<em>Obrigada por me terem convidado para estar aqui convosco. \u00c9 com bastante alegria que estou aqui hoje convosco para que celebremos o 48.\u00ba Anivers\u00e1rio da independ\u00eancia Nacional. Acab\u00e1mos de ouvir umas palavras que traduzem o esp\u00edrito da nossa independ\u00eancia. Apelo aqui \u00e0 unidade dos angolanos que vivem nesta regi\u00e3o de Portugal. Apelo \u00e0 uni\u00e3o, \u00e0 solidariedade e ao esp\u00edrito de entrega. J\u00e1 que voc\u00eas decidiram construir a vossa vida nesta parte do mundo de forma a que, mesmo estando fora de Angola, possam contribuir para o desenvolvimento da nossa P\u00e1tria. N\u00f3s sabemos que na P\u00e1tria estamos a viver per\u00edodos um bocado complicados mas o Mundo todo est\u00e1 em transforma\u00e7\u00e3o. Cada um de n\u00f3s, esteja onde estiver, pode celebrar esta data. Da forma como estamos, numa festa, num janta, lembrando a nossa cultura, lembrando muitas coisas que nos unem. Com este esp\u00edrito de uni\u00e3o, vou simplesmente dizer: Viva Angola, viva a independ\u00eancia de Angola, Viva os Angolanos!\u201d.<\/em><\/p>\n\n\n\n<p>J\u00e1 Jos\u00e9 Carlos Rolo frisou que \u201ca C\u00e2mara Municipal de Albufeira est\u00e1 sempre aberta para qualquer assunto relacionado com a quest\u00e3o da P\u00e1tria, da imigra\u00e7\u00e3o. Somos pa\u00edses irm\u00e3os e \u00e9 nessa comunh\u00e3o de valores que devemos viver porque as fases mais dif\u00edceis de outros tempos j\u00e1 passaram. Hoje temos outros mas n\u00e3o \u00e9 s\u00f3 Angola que est\u00e1 a atravessar tempos dif\u00edceis. Isso acontece um pouco por todo o mundo. Basta ver o que est\u00e1 a acontecer em duas zonas do mundo (Ucr\u00e2nia e Israel). De qualquer maneira, temos que viver a nossa vida e a realidade \u00e9 esta, pelo que gostaria de me colocar ao dispor de todos v\u00f3s que escolheram este cantinho \u00e0 beira-mar plantado, como diz o poeta. A c\u00e2mara municipal estar\u00e1 sempre ao dispor de tudo aquilo que for entendido por voc\u00eas como as vossas necessidades, em termos locais e funcionais. H\u00e1 pouco estivemos a falar sobre a quest\u00e3o do 50.\u00ba Anivers\u00e1rio da Independ\u00eancia de Angola, que ser\u00e1 daqui a 2 anos, com uma dimens\u00e3o muito maior. Se desejarem que seja em Albufeira, fica desde j\u00e1 feito o convite para que possa ser aqui comemorada essa data muito bonita, desde logo com a ced\u00eancia de um espa\u00e7o, que pode ser o EMA mas poderemos apoiar de muitas outras formas. \u00c9 importante dizermos que somos uma cidade inclusiva mas n\u00e3o \u00e9 s\u00f3 na ret\u00f3rica mas sim na pr\u00e1tica. O importante s\u00e3o as a\u00e7\u00f5es no dia a dia, todas as atividades que poderemos desenvolver nesse dia\u201d.<\/p>\n\n\n\n<p>Depois do jantar, todos se levantaram ao som do Hino Nacional de Angola, partiu-se o bolo de anivers\u00e1rio e brindou-se com champanhe.<\/p>\n\n\n\n<p>A festa continuou noite fora com baile animado por um DJ, durante o qual a Embaixadora foi desafiada para um pezinho de dan\u00e7a, n\u00e3o se fez rogada e entrou na festa.<\/p>\n\n\n\n<p>A prop\u00f3sito desta comemora\u00e7\u00e3o, conv\u00e9m deixar bem claro que a escolha do Algarve para muitos imigrantes procurarem uma vida melhor tem sido uma grande mais valia que nos enriquece culturalmente com os seus trajes, a sua gastronomia, o seu artesanato, os seus usos e costumes. O Algarve sempre recebeu bem e continuar\u00e1 a receber bem cidad\u00e3os de outras culturas que enriquecem culturalmente o nosso quotidiano, sempre com os mais elevados padr\u00f5es de toler\u00e2ncia, chave para o entendimento universal.<\/p>\n\n\n\n<p><em>Por: Jorge Matos Dias<\/em><\/p>\n\n\n\n<p><strong>FONTE: A Voz do Algarve &#8211;<\/strong> <a href=\"https:\/\/www.avozdoalgarve.pt\/d\/quarteira-e-albufeira-uniram-se-para-celebrar-o-dia-de-angola-com-a-presenca-da-embaixadora-vicencia-de-brito\/74384\">Quarteira e Albufeira uniram-se para celebrar o Dia de Angola com a presen\u00e7a da Embaixadora Vicencia de Brito (avozdoalgarve.pt)<\/a><\/p>","protected":false},"excerpt":{"rendered":"<p>O Dia da Independ\u00eancia de Angola \u2013 11 de Novembro foi comemorado com um jantar em Albufeira, no sal\u00e3o de reuni\u00f5es da Junta de Freguesia de Olhos de \u00c1gua, rigorosamente decorado com motivos angolanos e com gastronomia tradicional angolana. Uma iniciativa conjunta da&nbsp;APALGAR&nbsp;\u2013 Associa\u00e7\u00e3o de Amizade dos Palop no Algarve, sediada em Quarteira e da&nbsp;AANGA&nbsp;\u2013 Associa\u00e7\u00e3o de Angolanos e Amigos de Angola em Albufeira. A APALGAR fez-se representar por uma comitiva liderada pelo seu presidente, Francisco Sales. Por seu lado, [&hellip;]<\/p>\n","protected":false},"author":4,"featured_media":3449,"comment_status":"closed","ping_status":"open","sticky":false,"template":"","format":"standard","meta":{"_acf_changed":false,"footnotes":""},"categories":[3],"tags":[],"class_list":["post-3448","post","type-post","status-publish","format-standard","has-post-thumbnail","hentry","category-noticias"],"acf":[],"yoast_head":"<!-- This site is optimized with the Yoast SEO plugin v27.4 - https:\/\/yoast.com\/product\/yoast-seo-wordpress\/ -->\n<title>Quarteira e Albufeira uniram-se para celebrar o Dia de Angola com a presen\u00e7a da Embaixadora Vicencia de Brito - Consulado Geral da Rep\u00fablica de Angola em Lisboa<\/title>\n<meta name=\"robots\" content=\"index, follow, max-snippet:-1, max-image-preview:large, max-video-preview:-1\" \/>\n<link rel=\"canonical\" href=\"https:\/\/consuladogeral-angola.pt\/en\/noticias\/quarteira-e-albufeira-uniram-se-para-celebrar-o-dia-de-angola-com-a-presenca-da-embaixadora-vicencia-de-brito\/\" \/>\n<meta property=\"og:locale\" content=\"en_GB\" \/>\n<meta property=\"og:type\" content=\"article\" \/>\n<meta property=\"og:title\" content=\"Quarteira e Albufeira uniram-se para celebrar o Dia de Angola com a presen\u00e7a da Embaixadora Vicencia de Brito - Consulado Geral da Rep\u00fablica de Angola em Lisboa\" \/>\n<meta property=\"og:description\" content=\"O Dia da Independ\u00eancia de Angola \u2013 11 de Novembro foi comemorado com um jantar em Albufeira, no sal\u00e3o de reuni\u00f5es da Junta de Freguesia de Olhos de \u00c1gua, rigorosamente decorado com motivos angolanos e com gastronomia tradicional angolana. Uma iniciativa conjunta da&nbsp;APALGAR&nbsp;\u2013 Associa\u00e7\u00e3o de Amizade dos Palop no Algarve, sediada em Quarteira e da&nbsp;AANGA&nbsp;\u2013 Associa\u00e7\u00e3o de Angolanos e Amigos de Angola em Albufeira. A APALGAR fez-se representar por uma comitiva liderada pelo seu presidente, Francisco Sales. Por seu lado, [&hellip;]\" \/>\n<meta property=\"og:url\" content=\"https:\/\/consuladogeral-angola.pt\/en\/noticias\/quarteira-e-albufeira-uniram-se-para-celebrar-o-dia-de-angola-com-a-presenca-da-embaixadora-vicencia-de-brito\/\" \/>\n<meta property=\"og:site_name\" content=\"Consulado Geral da Rep\u00fablica de Angola em Lisboa\" \/>\n<meta property=\"article:published_time\" content=\"2024-09-05T11:34:11+00:00\" \/>\n<meta property=\"article:modified_time\" content=\"2025-07-17T16:12:38+00:00\" \/>\n<meta property=\"og:image\" content=\"https:\/\/consuladogeral-angola.pt\/wp-content\/uploads\/2024\/09\/img83148751920231111224339.jpg\" \/>\n\t<meta property=\"og:image:width\" content=\"884\" \/>\n\t<meta property=\"og:image:height\" content=\"544\" \/>\n\t<meta property=\"og:image:type\" content=\"image\/jpeg\" \/>\n<meta name=\"author\" content=\"Filipe Quinta\" \/>\n<meta name=\"twitter:card\" content=\"summary_large_image\" \/>\n<meta name=\"twitter:label1\" content=\"Written by\" \/>\n\t<meta name=\"twitter:data1\" content=\"Filipe Quinta\" \/>\n\t<meta name=\"twitter:label2\" content=\"Estimated reading time\" \/>\n\t<meta name=\"twitter:data2\" content=\"6 minutes\" \/>\n<script type=\"application\/ld+json\" class=\"yoast-schema-graph\">{\"@context\":\"https:\\\/\\\/schema.org\",\"@graph\":[{\"@type\":\"Article\",\"@id\":\"https:\\\/\\\/consuladogeral-angola.pt\\\/noticias\\\/quarteira-e-albufeira-uniram-se-para-celebrar-o-dia-de-angola-com-a-presenca-da-embaixadora-vicencia-de-brito\\\/#article\",\"isPartOf\":{\"@id\":\"https:\\\/\\\/consuladogeral-angola.pt\\\/noticias\\\/quarteira-e-albufeira-uniram-se-para-celebrar-o-dia-de-angola-com-a-presenca-da-embaixadora-vicencia-de-brito\\\/\"},\"author\":{\"name\":\"Filipe Quinta\",\"@id\":\"https:\\\/\\\/consuladogeral-angola.pt\\\/#\\\/schema\\\/person\\\/faa4fbfe99dfc0bd00ca9624a45d8186\"},\"headline\":\"Quarteira e Albufeira uniram-se para celebrar o Dia de Angola com a presen\u00e7a da Embaixadora Vicencia de Brito\",\"datePublished\":\"2024-09-05T11:34:11+00:00\",\"dateModified\":\"2025-07-17T16:12:38+00:00\",\"mainEntityOfPage\":{\"@id\":\"https:\\\/\\\/consuladogeral-angola.pt\\\/noticias\\\/quarteira-e-albufeira-uniram-se-para-celebrar-o-dia-de-angola-com-a-presenca-da-embaixadora-vicencia-de-brito\\\/\"},\"wordCount\":1234,\"image\":{\"@id\":\"https:\\\/\\\/consuladogeral-angola.pt\\\/noticias\\\/quarteira-e-albufeira-uniram-se-para-celebrar-o-dia-de-angola-com-a-presenca-da-embaixadora-vicencia-de-brito\\\/#primaryimage\"},\"thumbnailUrl\":\"https:\\\/\\\/consuladogeral-angola.pt\\\/wp-content\\\/uploads\\\/2024\\\/09\\\/img83148751920231111224339.jpg\",\"articleSection\":[\"Not\u00edcias\"],\"inLanguage\":\"en-GB\"},{\"@type\":\"WebPage\",\"@id\":\"https:\\\/\\\/consuladogeral-angola.pt\\\/noticias\\\/quarteira-e-albufeira-uniram-se-para-celebrar-o-dia-de-angola-com-a-presenca-da-embaixadora-vicencia-de-brito\\\/\",\"url\":\"https:\\\/\\\/consuladogeral-angola.pt\\\/noticias\\\/quarteira-e-albufeira-uniram-se-para-celebrar-o-dia-de-angola-com-a-presenca-da-embaixadora-vicencia-de-brito\\\/\",\"name\":\"Quarteira e Albufeira uniram-se para celebrar o Dia de Angola com a presen\u00e7a da Embaixadora Vicencia de Brito - Consulado Geral da Rep\u00fablica de Angola em Lisboa\",\"isPartOf\":{\"@id\":\"https:\\\/\\\/consuladogeral-angola.pt\\\/#website\"},\"primaryImageOfPage\":{\"@id\":\"https:\\\/\\\/consuladogeral-angola.pt\\\/noticias\\\/quarteira-e-albufeira-uniram-se-para-celebrar-o-dia-de-angola-com-a-presenca-da-embaixadora-vicencia-de-brito\\\/#primaryimage\"},\"image\":{\"@id\":\"https:\\\/\\\/consuladogeral-angola.pt\\\/noticias\\\/quarteira-e-albufeira-uniram-se-para-celebrar-o-dia-de-angola-com-a-presenca-da-embaixadora-vicencia-de-brito\\\/#primaryimage\"},\"thumbnailUrl\":\"https:\\\/\\\/consuladogeral-angola.pt\\\/wp-content\\\/uploads\\\/2024\\\/09\\\/img83148751920231111224339.jpg\",\"datePublished\":\"2024-09-05T11:34:11+00:00\",\"dateModified\":\"2025-07-17T16:12:38+00:00\",\"author\":{\"@id\":\"https:\\\/\\\/consuladogeral-angola.pt\\\/#\\\/schema\\\/person\\\/faa4fbfe99dfc0bd00ca9624a45d8186\"},\"breadcrumb\":{\"@id\":\"https:\\\/\\\/consuladogeral-angola.pt\\\/noticias\\\/quarteira-e-albufeira-uniram-se-para-celebrar-o-dia-de-angola-com-a-presenca-da-embaixadora-vicencia-de-brito\\\/#breadcrumb\"},\"inLanguage\":\"en-GB\",\"potentialAction\":[{\"@type\":\"ReadAction\",\"target\":[\"https:\\\/\\\/consuladogeral-angola.pt\\\/noticias\\\/quarteira-e-albufeira-uniram-se-para-celebrar-o-dia-de-angola-com-a-presenca-da-embaixadora-vicencia-de-brito\\\/\"]}]},{\"@type\":\"ImageObject\",\"inLanguage\":\"en-GB\",\"@id\":\"https:\\\/\\\/consuladogeral-angola.pt\\\/noticias\\\/quarteira-e-albufeira-uniram-se-para-celebrar-o-dia-de-angola-com-a-presenca-da-embaixadora-vicencia-de-brito\\\/#primaryimage\",\"url\":\"https:\\\/\\\/consuladogeral-angola.pt\\\/wp-content\\\/uploads\\\/2024\\\/09\\\/img83148751920231111224339.jpg\",\"contentUrl\":\"https:\\\/\\\/consuladogeral-angola.pt\\\/wp-content\\\/uploads\\\/2024\\\/09\\\/img83148751920231111224339.jpg\",\"width\":884,\"height\":544},{\"@type\":\"BreadcrumbList\",\"@id\":\"https:\\\/\\\/consuladogeral-angola.pt\\\/noticias\\\/quarteira-e-albufeira-uniram-se-para-celebrar-o-dia-de-angola-com-a-presenca-da-embaixadora-vicencia-de-brito\\\/#breadcrumb\",\"itemListElement\":[{\"@type\":\"ListItem\",\"position\":1,\"name\":\"Home\",\"item\":\"https:\\\/\\\/consuladogeral-angola.pt\\\/\"},{\"@type\":\"ListItem\",\"position\":2,\"name\":\"Quarteira e Albufeira uniram-se para celebrar o Dia de Angola com a presen\u00e7a da Embaixadora Vicencia de Brito\"}]},{\"@type\":\"WebSite\",\"@id\":\"https:\\\/\\\/consuladogeral-angola.pt\\\/#website\",\"url\":\"https:\\\/\\\/consuladogeral-angola.pt\\\/\",\"name\":\"Consulado Geral da Rep\u00fablica de Angola em Lisboa\",\"description\":\"\",\"potentialAction\":[{\"@type\":\"SearchAction\",\"target\":{\"@type\":\"EntryPoint\",\"urlTemplate\":\"https:\\\/\\\/consuladogeral-angola.pt\\\/?s={search_term_string}\"},\"query-input\":{\"@type\":\"PropertyValueSpecification\",\"valueRequired\":true,\"valueName\":\"search_term_string\"}}],\"inLanguage\":\"en-GB\"},{\"@type\":\"Person\",\"@id\":\"https:\\\/\\\/consuladogeral-angola.pt\\\/#\\\/schema\\\/person\\\/faa4fbfe99dfc0bd00ca9624a45d8186\",\"name\":\"Filipe Quinta\",\"image\":{\"@type\":\"ImageObject\",\"inLanguage\":\"en-GB\",\"@id\":\"https:\\\/\\\/secure.gravatar.com\\\/avatar\\\/b75e7a5e497db487209eb5fc686f25e7210c8b4c0d06b20b64d158ad395f74ac?s=96&d=mm&r=g\",\"url\":\"https:\\\/\\\/secure.gravatar.com\\\/avatar\\\/b75e7a5e497db487209eb5fc686f25e7210c8b4c0d06b20b64d158ad395f74ac?s=96&d=mm&r=g\",\"contentUrl\":\"https:\\\/\\\/secure.gravatar.com\\\/avatar\\\/b75e7a5e497db487209eb5fc686f25e7210c8b4c0d06b20b64d158ad395f74ac?s=96&d=mm&r=g\",\"caption\":\"Filipe Quinta\"},\"sameAs\":[\"https:\\\/\\\/consuladogeral-angola.pt\\\/\"],\"url\":\"https:\\\/\\\/consuladogeral-angola.pt\\\/en\\\/author\\\/filipe-quinta\\\/\"}]}<\/script>\n<!-- \/ Yoast SEO plugin. -->","yoast_head_json":{"title":"Quarteira e Albufeira uniram-se para celebrar o Dia de Angola com a presen\u00e7a da Embaixadora Vicencia de Brito - Consulado Geral da Rep\u00fablica de Angola em Lisboa","robots":{"index":"index","follow":"follow","max-snippet":"max-snippet:-1","max-image-preview":"max-image-preview:large","max-video-preview":"max-video-preview:-1"},"canonical":"https:\/\/consuladogeral-angola.pt\/en\/noticias\/quarteira-e-albufeira-uniram-se-para-celebrar-o-dia-de-angola-com-a-presenca-da-embaixadora-vicencia-de-brito\/","og_locale":"en_GB","og_type":"article","og_title":"Quarteira e Albufeira uniram-se para celebrar o Dia de Angola com a presen\u00e7a da Embaixadora Vicencia de Brito - Consulado Geral da Rep\u00fablica de Angola em Lisboa","og_description":"O Dia da Independ\u00eancia de Angola \u2013 11 de Novembro foi comemorado com um jantar em Albufeira, no sal\u00e3o de reuni\u00f5es da Junta de Freguesia de Olhos de \u00c1gua, rigorosamente decorado com motivos angolanos e com gastronomia tradicional angolana. Uma iniciativa conjunta da&nbsp;APALGAR&nbsp;\u2013 Associa\u00e7\u00e3o de Amizade dos Palop no Algarve, sediada em Quarteira e da&nbsp;AANGA&nbsp;\u2013 Associa\u00e7\u00e3o de Angolanos e Amigos de Angola em Albufeira. A APALGAR fez-se representar por uma comitiva liderada pelo seu presidente, Francisco Sales. Por seu lado, [&hellip;]","og_url":"https:\/\/consuladogeral-angola.pt\/en\/noticias\/quarteira-e-albufeira-uniram-se-para-celebrar-o-dia-de-angola-com-a-presenca-da-embaixadora-vicencia-de-brito\/","og_site_name":"Consulado Geral da Rep\u00fablica de Angola em Lisboa","article_published_time":"2024-09-05T11:34:11+00:00","article_modified_time":"2025-07-17T16:12:38+00:00","og_image":[{"width":884,"height":544,"url":"https:\/\/consuladogeral-angola.pt\/wp-content\/uploads\/2024\/09\/img83148751920231111224339.jpg","type":"image\/jpeg"}],"author":"Filipe Quinta","twitter_card":"summary_large_image","twitter_misc":{"Written by":"Filipe Quinta","Estimated reading time":"6 minutes"},"schema":{"@context":"https:\/\/schema.org","@graph":[{"@type":"Article","@id":"https:\/\/consuladogeral-angola.pt\/noticias\/quarteira-e-albufeira-uniram-se-para-celebrar-o-dia-de-angola-com-a-presenca-da-embaixadora-vicencia-de-brito\/#article","isPartOf":{"@id":"https:\/\/consuladogeral-angola.pt\/noticias\/quarteira-e-albufeira-uniram-se-para-celebrar-o-dia-de-angola-com-a-presenca-da-embaixadora-vicencia-de-brito\/"},"author":{"name":"Filipe Quinta","@id":"https:\/\/consuladogeral-angola.pt\/#\/schema\/person\/faa4fbfe99dfc0bd00ca9624a45d8186"},"headline":"Quarteira e Albufeira uniram-se para celebrar o Dia de Angola com a presen\u00e7a da Embaixadora Vicencia de Brito","datePublished":"2024-09-05T11:34:11+00:00","dateModified":"2025-07-17T16:12:38+00:00","mainEntityOfPage":{"@id":"https:\/\/consuladogeral-angola.pt\/noticias\/quarteira-e-albufeira-uniram-se-para-celebrar-o-dia-de-angola-com-a-presenca-da-embaixadora-vicencia-de-brito\/"},"wordCount":1234,"image":{"@id":"https:\/\/consuladogeral-angola.pt\/noticias\/quarteira-e-albufeira-uniram-se-para-celebrar-o-dia-de-angola-com-a-presenca-da-embaixadora-vicencia-de-brito\/#primaryimage"},"thumbnailUrl":"https:\/\/consuladogeral-angola.pt\/wp-content\/uploads\/2024\/09\/img83148751920231111224339.jpg","articleSection":["Not\u00edcias"],"inLanguage":"en-GB"},{"@type":"WebPage","@id":"https:\/\/consuladogeral-angola.pt\/noticias\/quarteira-e-albufeira-uniram-se-para-celebrar-o-dia-de-angola-com-a-presenca-da-embaixadora-vicencia-de-brito\/","url":"https:\/\/consuladogeral-angola.pt\/noticias\/quarteira-e-albufeira-uniram-se-para-celebrar-o-dia-de-angola-com-a-presenca-da-embaixadora-vicencia-de-brito\/","name":"Quarteira e Albufeira uniram-se para celebrar o Dia de Angola com a presen\u00e7a da Embaixadora Vicencia de Brito - Consulado Geral da Rep\u00fablica de Angola em Lisboa","isPartOf":{"@id":"https:\/\/consuladogeral-angola.pt\/#website"},"primaryImageOfPage":{"@id":"https:\/\/consuladogeral-angola.pt\/noticias\/quarteira-e-albufeira-uniram-se-para-celebrar-o-dia-de-angola-com-a-presenca-da-embaixadora-vicencia-de-brito\/#primaryimage"},"image":{"@id":"https:\/\/consuladogeral-angola.pt\/noticias\/quarteira-e-albufeira-uniram-se-para-celebrar-o-dia-de-angola-com-a-presenca-da-embaixadora-vicencia-de-brito\/#primaryimage"},"thumbnailUrl":"https:\/\/consuladogeral-angola.pt\/wp-content\/uploads\/2024\/09\/img83148751920231111224339.jpg","datePublished":"2024-09-05T11:34:11+00:00","dateModified":"2025-07-17T16:12:38+00:00","author":{"@id":"https:\/\/consuladogeral-angola.pt\/#\/schema\/person\/faa4fbfe99dfc0bd00ca9624a45d8186"},"breadcrumb":{"@id":"https:\/\/consuladogeral-angola.pt\/noticias\/quarteira-e-albufeira-uniram-se-para-celebrar-o-dia-de-angola-com-a-presenca-da-embaixadora-vicencia-de-brito\/#breadcrumb"},"inLanguage":"en-GB","potentialAction":[{"@type":"ReadAction","target":["https:\/\/consuladogeral-angola.pt\/noticias\/quarteira-e-albufeira-uniram-se-para-celebrar-o-dia-de-angola-com-a-presenca-da-embaixadora-vicencia-de-brito\/"]}]},{"@type":"ImageObject","inLanguage":"en-GB","@id":"https:\/\/consuladogeral-angola.pt\/noticias\/quarteira-e-albufeira-uniram-se-para-celebrar-o-dia-de-angola-com-a-presenca-da-embaixadora-vicencia-de-brito\/#primaryimage","url":"https:\/\/consuladogeral-angola.pt\/wp-content\/uploads\/2024\/09\/img83148751920231111224339.jpg","contentUrl":"https:\/\/consuladogeral-angola.pt\/wp-content\/uploads\/2024\/09\/img83148751920231111224339.jpg","width":884,"height":544},{"@type":"BreadcrumbList","@id":"https:\/\/consuladogeral-angola.pt\/noticias\/quarteira-e-albufeira-uniram-se-para-celebrar-o-dia-de-angola-com-a-presenca-da-embaixadora-vicencia-de-brito\/#breadcrumb","itemListElement":[{"@type":"ListItem","position":1,"name":"Home","item":"https:\/\/consuladogeral-angola.pt\/"},{"@type":"ListItem","position":2,"name":"Quarteira e Albufeira uniram-se para celebrar o Dia de Angola com a presen\u00e7a da Embaixadora Vicencia de Brito"}]},{"@type":"WebSite","@id":"https:\/\/consuladogeral-angola.pt\/#website","url":"https:\/\/consuladogeral-angola.pt\/","name":"Consulate General of the Republic of Angola in Lisbon","description":"","potentialAction":[{"@type":"SearchAction","target":{"@type":"EntryPoint","urlTemplate":"https:\/\/consuladogeral-angola.pt\/?s={search_term_string}"},"query-input":{"@type":"PropertyValueSpecification","valueRequired":true,"valueName":"search_term_string"}}],"inLanguage":"en-GB"},{"@type":"Person","@id":"https:\/\/consuladogeral-angola.pt\/#\/schema\/person\/faa4fbfe99dfc0bd00ca9624a45d8186","name":"Filipe Quinta","image":{"@type":"ImageObject","inLanguage":"en-GB","@id":"https:\/\/secure.gravatar.com\/avatar\/b75e7a5e497db487209eb5fc686f25e7210c8b4c0d06b20b64d158ad395f74ac?s=96&d=mm&r=g","url":"https:\/\/secure.gravatar.com\/avatar\/b75e7a5e497db487209eb5fc686f25e7210c8b4c0d06b20b64d158ad395f74ac?s=96&d=mm&r=g","contentUrl":"https:\/\/secure.gravatar.com\/avatar\/b75e7a5e497db487209eb5fc686f25e7210c8b4c0d06b20b64d158ad395f74ac?s=96&d=mm&r=g","caption":"Filipe Quinta"},"sameAs":["https:\/\/consuladogeral-angola.pt\/"],"url":"https:\/\/consuladogeral-angola.pt\/en\/author\/filipe-quinta\/"}]}},"_links":{"self":[{"href":"https:\/\/consuladogeral-angola.pt\/en\/wp-json\/wp\/v2\/posts\/3448","targetHints":{"allow":["GET"]}}],"collection":[{"href":"https:\/\/consuladogeral-angola.pt\/en\/wp-json\/wp\/v2\/posts"}],"about":[{"href":"https:\/\/consuladogeral-angola.pt\/en\/wp-json\/wp\/v2\/types\/post"}],"author":[{"embeddable":true,"href":"https:\/\/consuladogeral-angola.pt\/en\/wp-json\/wp\/v2\/users\/4"}],"replies":[{"embeddable":true,"href":"https:\/\/consuladogeral-angola.pt\/en\/wp-json\/wp\/v2\/comments?post=3448"}],"version-history":[{"count":1,"href":"https:\/\/consuladogeral-angola.pt\/en\/wp-json\/wp\/v2\/posts\/3448\/revisions"}],"predecessor-version":[{"id":3450,"href":"https:\/\/consuladogeral-angola.pt\/en\/wp-json\/wp\/v2\/posts\/3448\/revisions\/3450"}],"wp:featuredmedia":[{"embeddable":true,"href":"https:\/\/consuladogeral-angola.pt\/en\/wp-json\/wp\/v2\/media\/3449"}],"wp:attachment":[{"href":"https:\/\/consuladogeral-angola.pt\/en\/wp-json\/wp\/v2\/media?parent=3448"}],"wp:term":[{"taxonomy":"category","embeddable":true,"href":"https:\/\/consuladogeral-angola.pt\/en\/wp-json\/wp\/v2\/categories?post=3448"},{"taxonomy":"post_tag","embeddable":true,"href":"https:\/\/consuladogeral-angola.pt\/en\/wp-json\/wp\/v2\/tags?post=3448"}],"curies":[{"name":"wp","href":"https:\/\/api.w.org\/{rel}","templated":true}]}}