{"id":3502,"date":"2024-11-07T10:23:20","date_gmt":"2024-11-07T10:23:20","guid":{"rendered":"https:\/\/consuladogeral-angola.pt\/?p=3502"},"modified":"2025-07-17T16:12:35","modified_gmt":"2025-07-17T16:12:35","slug":"comunidade-angolana-em-portugal-ja-festeja-o-49o-aniversarioda-independencia-nacional","status":"publish","type":"post","link":"https:\/\/consuladogeral-angola.pt\/en\/noticias\/comunidade-angolana-em-portugal-ja-festeja-o-49o-aniversarioda-independencia-nacional\/","title":{"rendered":"COMUNIDADE ANGOLANA EM PORTUGAL J\u00c1 FESTEJA O 49\u00ba ANIVERS\u00c1RIODA INDEPEND\u00caNCIA NACIONAL"},"content":{"rendered":"<p><br>O Consulado Geral de Angola em Lisboa promove em parceria com Associa\u00e7\u00f5es da Comunidade Angolana em Portugal, um torneio de futebol de sal\u00e3o com o envolvimento da sua di\u00e1spora radicada em Lisboa, Set\u00fabal, Sacav\u00e9m e Entroncamento.<\/p>\n\n\n\n<p>As partidas de futebol est\u00e3o programadas para o per\u00edodo de 26 de Outubro a 09 de Novembro do ano corrente, sendo duas em simult\u00e2neo, em duas localidades diferentes.<\/p>\n\n\n\n<p>O arranque das partidas de futebol teve lugar no \u00faltimo s\u00e1bado, dia 26, em Lisboa e Set\u00fabal, em que a C\u00f4nsul-Geral, Embaixadora Vic\u00eancia de Brito esteve representada pela Vice-C\u00f4nsul, Sra Concei\u00e7\u00e3o Mawete e a Sra Neusa Jacinto, Agente Consular e v\u00e1rios outros funcion\u00e1rios consulares.<\/p>\n\n\n\n<p>No jogo inaugural em Lisboa, a Associa\u00e7\u00e3o para Al\u00e9m Fronteiras Angolanas <strong>\u201cAPAFA\u201d<\/strong> venceu por <strong>3&#215;2 <\/strong>a Associa\u00e7\u00e3o de Angolanos Residentes na Cidade do Entroncamento <strong>\u201cAARCE\u201d<\/strong>; e em Set\u00fabal, e na segunda em que a Equipa da Comunidade Angolana de Lisboa \u201c<strong>FJAP\u201d<\/strong> venceu por <strong>3X2<\/strong> a cong\u00e9nere F\u00f3rum dos Jovens Angolanos em Portugal \u201c<strong>ECAL\u201d<\/strong>, depois de terem ido a penalties para o desempate do <strong>4X4<\/strong>.<\/p>\n\n\n\n<p>J\u00e1 em Set\u00fabal, os aplausos finais foram para a Associa\u00e7\u00e3o de Angolanos e Amigos de Angola <strong>\u201c4AS\u201d,<\/strong> pelos <strong>6X3 <\/strong>resultantes do confronto com a Equipa Mista da Comunidade Angolana da Amadora; enquanto, que na segunda partida, o brinde da vit\u00f3ria coube \u00e0 Associa\u00e7\u00e3o Angolana dos Residentes a Sul do Tejo que bateu por <strong>4X2<\/strong>, a Equipa da Comunidade Angolana do Pinhal Novo.<\/p>\n\n\n\n<p>No dia 02 de Novembro, o espect\u00e1culo desportivo vai estender-se \u00e0 Sacav\u00e9m para ent\u00e3o culminar no dia 09 com o seguinte calend\u00e1rio: uma partida de futebol feminino; meais finais e a final do torneio de futebol sal\u00e3o.<\/p>","protected":false},"excerpt":{"rendered":"<p>O Consulado Geral de Angola em Lisboa promove em parceria com Associa\u00e7\u00f5es da Comunidade Angolana em Portugal, um torneio de futebol de sal\u00e3o com o envolvimento da sua di\u00e1spora radicada em Lisboa, Set\u00fabal, Sacav\u00e9m e Entroncamento. As partidas de futebol est\u00e3o programadas para o per\u00edodo de 26 de Outubro a 09 de Novembro do ano corrente, sendo duas em simult\u00e2neo, em duas localidades diferentes. O arranque das partidas de futebol teve lugar no \u00faltimo s\u00e1bado, dia 26, em Lisboa e [&hellip;]<\/p>\n","protected":false},"author":3,"featured_media":3503,"comment_status":"closed","ping_status":"open","sticky":false,"template":"","format":"standard","meta":{"_acf_changed":false,"footnotes":""},"categories":[3],"tags":[],"class_list":["post-3502","post","type-post","status-publish","format-standard","has-post-thumbnail","hentry","category-noticias"],"acf":[],"yoast_head":"<!-- This site is optimized with the Yoast SEO plugin v27.4 - https:\/\/yoast.com\/product\/yoast-seo-wordpress\/ -->\n<title>COMUNIDADE ANGOLANA EM PORTUGAL J\u00c1 FESTEJA O 49\u00ba ANIVERS\u00c1RIODA INDEPEND\u00caNCIA NACIONAL - Consulado Geral da Rep\u00fablica de Angola em Lisboa<\/title>\n<meta name=\"robots\" content=\"index, follow, max-snippet:-1, max-image-preview:large, max-video-preview:-1\" \/>\n<link rel=\"canonical\" href=\"https:\/\/consuladogeral-angola.pt\/en\/noticias\/comunidade-angolana-em-portugal-ja-festeja-o-49o-aniversarioda-independencia-nacional\/\" \/>\n<meta property=\"og:locale\" content=\"en_GB\" \/>\n<meta property=\"og:type\" content=\"article\" \/>\n<meta property=\"og:title\" content=\"COMUNIDADE ANGOLANA EM PORTUGAL J\u00c1 FESTEJA O 49\u00ba ANIVERS\u00c1RIODA INDEPEND\u00caNCIA NACIONAL - Consulado Geral da Rep\u00fablica de Angola em Lisboa\" \/>\n<meta property=\"og:description\" content=\"O Consulado Geral de Angola em Lisboa promove em parceria com Associa\u00e7\u00f5es da Comunidade Angolana em Portugal, um torneio de futebol de sal\u00e3o com o envolvimento da sua di\u00e1spora radicada em Lisboa, Set\u00fabal, Sacav\u00e9m e Entroncamento. As partidas de futebol est\u00e3o programadas para o per\u00edodo de 26 de Outubro a 09 de Novembro do ano corrente, sendo duas em simult\u00e2neo, em duas localidades diferentes. O arranque das partidas de futebol teve lugar no \u00faltimo s\u00e1bado, dia 26, em Lisboa e [&hellip;]\" \/>\n<meta property=\"og:url\" content=\"https:\/\/consuladogeral-angola.pt\/en\/noticias\/comunidade-angolana-em-portugal-ja-festeja-o-49o-aniversarioda-independencia-nacional\/\" \/>\n<meta property=\"og:site_name\" content=\"Consulado Geral da Rep\u00fablica de Angola em Lisboa\" \/>\n<meta property=\"article:published_time\" content=\"2024-11-07T10:23:20+00:00\" \/>\n<meta property=\"article:modified_time\" content=\"2025-07-17T16:12:35+00:00\" \/>\n<meta property=\"og:image\" content=\"https:\/\/consuladogeral-angola.pt\/wp-content\/uploads\/2024\/11\/Torneio.jpg\" \/>\n\t<meta property=\"og:image:width\" content=\"2048\" \/>\n\t<meta property=\"og:image:height\" content=\"1536\" \/>\n\t<meta property=\"og:image:type\" content=\"image\/jpeg\" \/>\n<meta name=\"author\" content=\"cagLisboa\" \/>\n<meta name=\"twitter:card\" content=\"summary_large_image\" \/>\n<meta name=\"twitter:label1\" content=\"Written by\" \/>\n\t<meta name=\"twitter:data1\" content=\"cagLisboa\" \/>\n\t<meta name=\"twitter:label2\" content=\"Estimated reading time\" \/>\n\t<meta name=\"twitter:data2\" content=\"1 minute\" \/>\n<script type=\"application\/ld+json\" class=\"yoast-schema-graph\">{\"@context\":\"https:\\\/\\\/schema.org\",\"@graph\":[{\"@type\":\"Article\",\"@id\":\"https:\\\/\\\/consuladogeral-angola.pt\\\/noticias\\\/comunidade-angolana-em-portugal-ja-festeja-o-49o-aniversarioda-independencia-nacional\\\/#article\",\"isPartOf\":{\"@id\":\"https:\\\/\\\/consuladogeral-angola.pt\\\/noticias\\\/comunidade-angolana-em-portugal-ja-festeja-o-49o-aniversarioda-independencia-nacional\\\/\"},\"author\":{\"name\":\"cagLisboa\",\"@id\":\"https:\\\/\\\/consuladogeral-angola.pt\\\/#\\\/schema\\\/person\\\/f514fb95835b32a9aa7be9b8a8a12afa\"},\"headline\":\"COMUNIDADE ANGOLANA EM PORTUGAL J\u00c1 FESTEJA O 49\u00ba ANIVERS\u00c1RIODA INDEPEND\u00caNCIA NACIONAL\",\"datePublished\":\"2024-11-07T10:23:20+00:00\",\"dateModified\":\"2025-07-17T16:12:35+00:00\",\"mainEntityOfPage\":{\"@id\":\"https:\\\/\\\/consuladogeral-angola.pt\\\/noticias\\\/comunidade-angolana-em-portugal-ja-festeja-o-49o-aniversarioda-independencia-nacional\\\/\"},\"wordCount\":307,\"image\":{\"@id\":\"https:\\\/\\\/consuladogeral-angola.pt\\\/noticias\\\/comunidade-angolana-em-portugal-ja-festeja-o-49o-aniversarioda-independencia-nacional\\\/#primaryimage\"},\"thumbnailUrl\":\"https:\\\/\\\/consuladogeral-angola.pt\\\/wp-content\\\/uploads\\\/2024\\\/11\\\/Torneio.jpg\",\"articleSection\":[\"Not\u00edcias\"],\"inLanguage\":\"en-GB\"},{\"@type\":\"WebPage\",\"@id\":\"https:\\\/\\\/consuladogeral-angola.pt\\\/noticias\\\/comunidade-angolana-em-portugal-ja-festeja-o-49o-aniversarioda-independencia-nacional\\\/\",\"url\":\"https:\\\/\\\/consuladogeral-angola.pt\\\/noticias\\\/comunidade-angolana-em-portugal-ja-festeja-o-49o-aniversarioda-independencia-nacional\\\/\",\"name\":\"COMUNIDADE ANGOLANA EM PORTUGAL J\u00c1 FESTEJA O 49\u00ba ANIVERS\u00c1RIODA INDEPEND\u00caNCIA NACIONAL - Consulado Geral da Rep\u00fablica de Angola em Lisboa\",\"isPartOf\":{\"@id\":\"https:\\\/\\\/consuladogeral-angola.pt\\\/#website\"},\"primaryImageOfPage\":{\"@id\":\"https:\\\/\\\/consuladogeral-angola.pt\\\/noticias\\\/comunidade-angolana-em-portugal-ja-festeja-o-49o-aniversarioda-independencia-nacional\\\/#primaryimage\"},\"image\":{\"@id\":\"https:\\\/\\\/consuladogeral-angola.pt\\\/noticias\\\/comunidade-angolana-em-portugal-ja-festeja-o-49o-aniversarioda-independencia-nacional\\\/#primaryimage\"},\"thumbnailUrl\":\"https:\\\/\\\/consuladogeral-angola.pt\\\/wp-content\\\/uploads\\\/2024\\\/11\\\/Torneio.jpg\",\"datePublished\":\"2024-11-07T10:23:20+00:00\",\"dateModified\":\"2025-07-17T16:12:35+00:00\",\"author\":{\"@id\":\"https:\\\/\\\/consuladogeral-angola.pt\\\/#\\\/schema\\\/person\\\/f514fb95835b32a9aa7be9b8a8a12afa\"},\"breadcrumb\":{\"@id\":\"https:\\\/\\\/consuladogeral-angola.pt\\\/noticias\\\/comunidade-angolana-em-portugal-ja-festeja-o-49o-aniversarioda-independencia-nacional\\\/#breadcrumb\"},\"inLanguage\":\"en-GB\",\"potentialAction\":[{\"@type\":\"ReadAction\",\"target\":[\"https:\\\/\\\/consuladogeral-angola.pt\\\/noticias\\\/comunidade-angolana-em-portugal-ja-festeja-o-49o-aniversarioda-independencia-nacional\\\/\"]}]},{\"@type\":\"ImageObject\",\"inLanguage\":\"en-GB\",\"@id\":\"https:\\\/\\\/consuladogeral-angola.pt\\\/noticias\\\/comunidade-angolana-em-portugal-ja-festeja-o-49o-aniversarioda-independencia-nacional\\\/#primaryimage\",\"url\":\"https:\\\/\\\/consuladogeral-angola.pt\\\/wp-content\\\/uploads\\\/2024\\\/11\\\/Torneio.jpg\",\"contentUrl\":\"https:\\\/\\\/consuladogeral-angola.pt\\\/wp-content\\\/uploads\\\/2024\\\/11\\\/Torneio.jpg\",\"width\":2048,\"height\":1536},{\"@type\":\"BreadcrumbList\",\"@id\":\"https:\\\/\\\/consuladogeral-angola.pt\\\/noticias\\\/comunidade-angolana-em-portugal-ja-festeja-o-49o-aniversarioda-independencia-nacional\\\/#breadcrumb\",\"itemListElement\":[{\"@type\":\"ListItem\",\"position\":1,\"name\":\"Home\",\"item\":\"https:\\\/\\\/consuladogeral-angola.pt\\\/\"},{\"@type\":\"ListItem\",\"position\":2,\"name\":\"COMUNIDADE ANGOLANA EM PORTUGAL J\u00c1 FESTEJA O 49\u00ba ANIVERS\u00c1RIODA INDEPEND\u00caNCIA NACIONAL\"}]},{\"@type\":\"WebSite\",\"@id\":\"https:\\\/\\\/consuladogeral-angola.pt\\\/#website\",\"url\":\"https:\\\/\\\/consuladogeral-angola.pt\\\/\",\"name\":\"Consulado Geral da Rep\u00fablica de Angola em Lisboa\",\"description\":\"\",\"potentialAction\":[{\"@type\":\"SearchAction\",\"target\":{\"@type\":\"EntryPoint\",\"urlTemplate\":\"https:\\\/\\\/consuladogeral-angola.pt\\\/?s={search_term_string}\"},\"query-input\":{\"@type\":\"PropertyValueSpecification\",\"valueRequired\":true,\"valueName\":\"search_term_string\"}}],\"inLanguage\":\"en-GB\"},{\"@type\":\"Person\",\"@id\":\"https:\\\/\\\/consuladogeral-angola.pt\\\/#\\\/schema\\\/person\\\/f514fb95835b32a9aa7be9b8a8a12afa\",\"name\":\"cagLisboa\",\"image\":{\"@type\":\"ImageObject\",\"inLanguage\":\"en-GB\",\"@id\":\"https:\\\/\\\/secure.gravatar.com\\\/avatar\\\/93722c48d19e8656364246bf57f794ae613e2b2696d019e2f3a8a9e5d9d584d4?s=96&d=mm&r=g\",\"url\":\"https:\\\/\\\/secure.gravatar.com\\\/avatar\\\/93722c48d19e8656364246bf57f794ae613e2b2696d019e2f3a8a9e5d9d584d4?s=96&d=mm&r=g\",\"contentUrl\":\"https:\\\/\\\/secure.gravatar.com\\\/avatar\\\/93722c48d19e8656364246bf57f794ae613e2b2696d019e2f3a8a9e5d9d584d4?s=96&d=mm&r=g\",\"caption\":\"cagLisboa\"},\"url\":\"https:\\\/\\\/consuladogeral-angola.pt\\\/en\\\/author\\\/caglisboa\\\/\"}]}<\/script>\n<!-- \/ Yoast SEO plugin. -->","yoast_head_json":{"title":"COMUNIDADE ANGOLANA EM PORTUGAL J\u00c1 FESTEJA O 49\u00ba ANIVERS\u00c1RIODA INDEPEND\u00caNCIA NACIONAL - Consulado Geral da Rep\u00fablica de Angola em Lisboa","robots":{"index":"index","follow":"follow","max-snippet":"max-snippet:-1","max-image-preview":"max-image-preview:large","max-video-preview":"max-video-preview:-1"},"canonical":"https:\/\/consuladogeral-angola.pt\/en\/noticias\/comunidade-angolana-em-portugal-ja-festeja-o-49o-aniversarioda-independencia-nacional\/","og_locale":"en_GB","og_type":"article","og_title":"COMUNIDADE ANGOLANA EM PORTUGAL J\u00c1 FESTEJA O 49\u00ba ANIVERS\u00c1RIODA INDEPEND\u00caNCIA NACIONAL - Consulado Geral da Rep\u00fablica de Angola em Lisboa","og_description":"O Consulado Geral de Angola em Lisboa promove em parceria com Associa\u00e7\u00f5es da Comunidade Angolana em Portugal, um torneio de futebol de sal\u00e3o com o envolvimento da sua di\u00e1spora radicada em Lisboa, Set\u00fabal, Sacav\u00e9m e Entroncamento. As partidas de futebol est\u00e3o programadas para o per\u00edodo de 26 de Outubro a 09 de Novembro do ano corrente, sendo duas em simult\u00e2neo, em duas localidades diferentes. O arranque das partidas de futebol teve lugar no \u00faltimo s\u00e1bado, dia 26, em Lisboa e [&hellip;]","og_url":"https:\/\/consuladogeral-angola.pt\/en\/noticias\/comunidade-angolana-em-portugal-ja-festeja-o-49o-aniversarioda-independencia-nacional\/","og_site_name":"Consulado Geral da Rep\u00fablica de Angola em Lisboa","article_published_time":"2024-11-07T10:23:20+00:00","article_modified_time":"2025-07-17T16:12:35+00:00","og_image":[{"width":2048,"height":1536,"url":"https:\/\/consuladogeral-angola.pt\/wp-content\/uploads\/2024\/11\/Torneio.jpg","type":"image\/jpeg"}],"author":"cagLisboa","twitter_card":"summary_large_image","twitter_misc":{"Written by":"cagLisboa","Estimated reading time":"1 minute"},"schema":{"@context":"https:\/\/schema.org","@graph":[{"@type":"Article","@id":"https:\/\/consuladogeral-angola.pt\/noticias\/comunidade-angolana-em-portugal-ja-festeja-o-49o-aniversarioda-independencia-nacional\/#article","isPartOf":{"@id":"https:\/\/consuladogeral-angola.pt\/noticias\/comunidade-angolana-em-portugal-ja-festeja-o-49o-aniversarioda-independencia-nacional\/"},"author":{"name":"cagLisboa","@id":"https:\/\/consuladogeral-angola.pt\/#\/schema\/person\/f514fb95835b32a9aa7be9b8a8a12afa"},"headline":"COMUNIDADE ANGOLANA EM PORTUGAL J\u00c1 FESTEJA O 49\u00ba ANIVERS\u00c1RIODA INDEPEND\u00caNCIA NACIONAL","datePublished":"2024-11-07T10:23:20+00:00","dateModified":"2025-07-17T16:12:35+00:00","mainEntityOfPage":{"@id":"https:\/\/consuladogeral-angola.pt\/noticias\/comunidade-angolana-em-portugal-ja-festeja-o-49o-aniversarioda-independencia-nacional\/"},"wordCount":307,"image":{"@id":"https:\/\/consuladogeral-angola.pt\/noticias\/comunidade-angolana-em-portugal-ja-festeja-o-49o-aniversarioda-independencia-nacional\/#primaryimage"},"thumbnailUrl":"https:\/\/consuladogeral-angola.pt\/wp-content\/uploads\/2024\/11\/Torneio.jpg","articleSection":["Not\u00edcias"],"inLanguage":"en-GB"},{"@type":"WebPage","@id":"https:\/\/consuladogeral-angola.pt\/noticias\/comunidade-angolana-em-portugal-ja-festeja-o-49o-aniversarioda-independencia-nacional\/","url":"https:\/\/consuladogeral-angola.pt\/noticias\/comunidade-angolana-em-portugal-ja-festeja-o-49o-aniversarioda-independencia-nacional\/","name":"COMUNIDADE ANGOLANA EM PORTUGAL J\u00c1 FESTEJA O 49\u00ba ANIVERS\u00c1RIODA INDEPEND\u00caNCIA NACIONAL - Consulado Geral da Rep\u00fablica de Angola em Lisboa","isPartOf":{"@id":"https:\/\/consuladogeral-angola.pt\/#website"},"primaryImageOfPage":{"@id":"https:\/\/consuladogeral-angola.pt\/noticias\/comunidade-angolana-em-portugal-ja-festeja-o-49o-aniversarioda-independencia-nacional\/#primaryimage"},"image":{"@id":"https:\/\/consuladogeral-angola.pt\/noticias\/comunidade-angolana-em-portugal-ja-festeja-o-49o-aniversarioda-independencia-nacional\/#primaryimage"},"thumbnailUrl":"https:\/\/consuladogeral-angola.pt\/wp-content\/uploads\/2024\/11\/Torneio.jpg","datePublished":"2024-11-07T10:23:20+00:00","dateModified":"2025-07-17T16:12:35+00:00","author":{"@id":"https:\/\/consuladogeral-angola.pt\/#\/schema\/person\/f514fb95835b32a9aa7be9b8a8a12afa"},"breadcrumb":{"@id":"https:\/\/consuladogeral-angola.pt\/noticias\/comunidade-angolana-em-portugal-ja-festeja-o-49o-aniversarioda-independencia-nacional\/#breadcrumb"},"inLanguage":"en-GB","potentialAction":[{"@type":"ReadAction","target":["https:\/\/consuladogeral-angola.pt\/noticias\/comunidade-angolana-em-portugal-ja-festeja-o-49o-aniversarioda-independencia-nacional\/"]}]},{"@type":"ImageObject","inLanguage":"en-GB","@id":"https:\/\/consuladogeral-angola.pt\/noticias\/comunidade-angolana-em-portugal-ja-festeja-o-49o-aniversarioda-independencia-nacional\/#primaryimage","url":"https:\/\/consuladogeral-angola.pt\/wp-content\/uploads\/2024\/11\/Torneio.jpg","contentUrl":"https:\/\/consuladogeral-angola.pt\/wp-content\/uploads\/2024\/11\/Torneio.jpg","width":2048,"height":1536},{"@type":"BreadcrumbList","@id":"https:\/\/consuladogeral-angola.pt\/noticias\/comunidade-angolana-em-portugal-ja-festeja-o-49o-aniversarioda-independencia-nacional\/#breadcrumb","itemListElement":[{"@type":"ListItem","position":1,"name":"Home","item":"https:\/\/consuladogeral-angola.pt\/"},{"@type":"ListItem","position":2,"name":"COMUNIDADE ANGOLANA EM PORTUGAL J\u00c1 FESTEJA O 49\u00ba ANIVERS\u00c1RIODA INDEPEND\u00caNCIA NACIONAL"}]},{"@type":"WebSite","@id":"https:\/\/consuladogeral-angola.pt\/#website","url":"https:\/\/consuladogeral-angola.pt\/","name":"Consulate General of the Republic of Angola in Lisbon","description":"","potentialAction":[{"@type":"SearchAction","target":{"@type":"EntryPoint","urlTemplate":"https:\/\/consuladogeral-angola.pt\/?s={search_term_string}"},"query-input":{"@type":"PropertyValueSpecification","valueRequired":true,"valueName":"search_term_string"}}],"inLanguage":"en-GB"},{"@type":"Person","@id":"https:\/\/consuladogeral-angola.pt\/#\/schema\/person\/f514fb95835b32a9aa7be9b8a8a12afa","name":"cagLisboa","image":{"@type":"ImageObject","inLanguage":"en-GB","@id":"https:\/\/secure.gravatar.com\/avatar\/93722c48d19e8656364246bf57f794ae613e2b2696d019e2f3a8a9e5d9d584d4?s=96&d=mm&r=g","url":"https:\/\/secure.gravatar.com\/avatar\/93722c48d19e8656364246bf57f794ae613e2b2696d019e2f3a8a9e5d9d584d4?s=96&d=mm&r=g","contentUrl":"https:\/\/secure.gravatar.com\/avatar\/93722c48d19e8656364246bf57f794ae613e2b2696d019e2f3a8a9e5d9d584d4?s=96&d=mm&r=g","caption":"cagLisboa"},"url":"https:\/\/consuladogeral-angola.pt\/en\/author\/caglisboa\/"}]}},"_links":{"self":[{"href":"https:\/\/consuladogeral-angola.pt\/en\/wp-json\/wp\/v2\/posts\/3502","targetHints":{"allow":["GET"]}}],"collection":[{"href":"https:\/\/consuladogeral-angola.pt\/en\/wp-json\/wp\/v2\/posts"}],"about":[{"href":"https:\/\/consuladogeral-angola.pt\/en\/wp-json\/wp\/v2\/types\/post"}],"author":[{"embeddable":true,"href":"https:\/\/consuladogeral-angola.pt\/en\/wp-json\/wp\/v2\/users\/3"}],"replies":[{"embeddable":true,"href":"https:\/\/consuladogeral-angola.pt\/en\/wp-json\/wp\/v2\/comments?post=3502"}],"version-history":[{"count":1,"href":"https:\/\/consuladogeral-angola.pt\/en\/wp-json\/wp\/v2\/posts\/3502\/revisions"}],"predecessor-version":[{"id":3504,"href":"https:\/\/consuladogeral-angola.pt\/en\/wp-json\/wp\/v2\/posts\/3502\/revisions\/3504"}],"wp:featuredmedia":[{"embeddable":true,"href":"https:\/\/consuladogeral-angola.pt\/en\/wp-json\/wp\/v2\/media\/3503"}],"wp:attachment":[{"href":"https:\/\/consuladogeral-angola.pt\/en\/wp-json\/wp\/v2\/media?parent=3502"}],"wp:term":[{"taxonomy":"category","embeddable":true,"href":"https:\/\/consuladogeral-angola.pt\/en\/wp-json\/wp\/v2\/categories?post=3502"},{"taxonomy":"post_tag","embeddable":true,"href":"https:\/\/consuladogeral-angola.pt\/en\/wp-json\/wp\/v2\/tags?post=3502"}],"curies":[{"name":"wp","href":"https:\/\/api.w.org\/{rel}","templated":true}]}}