{"id":3542,"date":"2025-02-17T14:34:43","date_gmt":"2025-02-17T14:34:43","guid":{"rendered":"https:\/\/consuladogeral-angola.pt\/?p=3542"},"modified":"2025-07-17T16:12:33","modified_gmt":"2025-07-17T16:12:33","slug":"divisa%cc%83o-politica-2","status":"publish","type":"post","link":"https:\/\/consuladogeral-angola.pt\/en\/comunicados\/divisa%cc%83o-politica-2\/","title":{"rendered":"Divisa\u0303o Poli\u0301tica"},"content":{"rendered":"<p>Considerando a necessidade de actualizar a classifica\u00e7\u00e3o dos munic\u00edpios em decorr\u00eancia dos progressos registados ao n\u00edvel do desenvolvimento econ\u00f3mico e social de algumas unidades territoriais, e devido a cria\u00e7\u00e3o de novos munic\u00edpios por via da Lei n.\u00ba 14\/24, de 5 de Setembro &#8211; Lei da Divis\u00e3o Pol\u00edtico-Administrativa.<\/p>\n\n\n\n<p><\/p>","protected":false},"excerpt":{"rendered":"<p>Considerando a necessidade de actualizar a classifica\u00e7\u00e3o dos munic\u00edpios em decorr\u00eancia dos progressos registados ao n\u00edvel do desenvolvimento econ\u00f3mico e social de algumas unidades territoriais, e devido a cria\u00e7\u00e3o de novos munic\u00edpios por via da Lei n.\u00ba 14\/24, de 5 de Setembro &#8211; Lei da Divis\u00e3o Pol\u00edtico-Administrativa.<\/p>","protected":false},"author":4,"featured_media":3540,"comment_status":"closed","ping_status":"open","sticky":false,"template":"","format":"standard","meta":{"_acf_changed":false,"footnotes":""},"categories":[4],"tags":[],"class_list":["post-3542","post","type-post","status-publish","format-standard","has-post-thumbnail","hentry","category-comunicados"],"acf":[],"yoast_head":"<!-- This site is optimized with the Yoast SEO plugin v27.4 - https:\/\/yoast.com\/product\/yoast-seo-wordpress\/ -->\n<title>Divisa\u0303o Poli\u0301tica - Consulado Geral da Rep\u00fablica de Angola em Lisboa<\/title>\n<meta name=\"robots\" content=\"index, follow, max-snippet:-1, max-image-preview:large, max-video-preview:-1\" \/>\n<link rel=\"canonical\" href=\"https:\/\/consuladogeral-angola.pt\/en\/comunicados\/divisa\u0303o-politica-2\/\" \/>\n<meta property=\"og:locale\" content=\"en_GB\" \/>\n<meta property=\"og:type\" content=\"article\" \/>\n<meta property=\"og:title\" content=\"Divisa\u0303o Poli\u0301tica - Consulado Geral da Rep\u00fablica de Angola em Lisboa\" \/>\n<meta property=\"og:description\" content=\"Considerando a necessidade de actualizar a classifica\u00e7\u00e3o dos munic\u00edpios em decorr\u00eancia dos progressos registados ao n\u00edvel do desenvolvimento econ\u00f3mico e social de algumas unidades territoriais, e devido a cria\u00e7\u00e3o de novos munic\u00edpios por via da Lei n.\u00ba 14\/24, de 5 de Setembro &#8211; Lei da Divis\u00e3o Pol\u00edtico-Administrativa.\" \/>\n<meta property=\"og:url\" content=\"https:\/\/consuladogeral-angola.pt\/en\/comunicados\/divisa\u0303o-politica-2\/\" \/>\n<meta property=\"og:site_name\" content=\"Consulado Geral da Rep\u00fablica de Angola em Lisboa\" \/>\n<meta property=\"article:published_time\" content=\"2025-02-17T14:34:43+00:00\" \/>\n<meta property=\"article:modified_time\" content=\"2025-07-17T16:12:33+00:00\" \/>\n<meta property=\"og:image\" content=\"https:\/\/consuladogeral-angola.pt\/wp-content\/uploads\/2025\/02\/dpoliticajpg.jpg\" \/>\n\t<meta property=\"og:image:width\" content=\"546\" \/>\n\t<meta property=\"og:image:height\" content=\"615\" \/>\n\t<meta property=\"og:image:type\" content=\"image\/jpeg\" \/>\n<meta name=\"author\" content=\"Filipe Quinta\" \/>\n<meta name=\"twitter:card\" content=\"summary_large_image\" \/>\n<meta name=\"twitter:label1\" content=\"Written by\" \/>\n\t<meta name=\"twitter:data1\" content=\"Filipe Quinta\" \/>\n<script type=\"application\/ld+json\" class=\"yoast-schema-graph\">{\"@context\":\"https:\\\/\\\/schema.org\",\"@graph\":[{\"@type\":\"Article\",\"@id\":\"https:\\\/\\\/consuladogeral-angola.pt\\\/comunicados\\\/divisa%cc%83o-politica-2\\\/#article\",\"isPartOf\":{\"@id\":\"https:\\\/\\\/consuladogeral-angola.pt\\\/comunicados\\\/divisa%cc%83o-politica-2\\\/\"},\"author\":{\"name\":\"Filipe Quinta\",\"@id\":\"https:\\\/\\\/consuladogeral-angola.pt\\\/#\\\/schema\\\/person\\\/faa4fbfe99dfc0bd00ca9624a45d8186\"},\"headline\":\"Divisa\u0303o Poli\u0301tica\",\"datePublished\":\"2025-02-17T14:34:43+00:00\",\"dateModified\":\"2025-07-17T16:12:33+00:00\",\"mainEntityOfPage\":{\"@id\":\"https:\\\/\\\/consuladogeral-angola.pt\\\/comunicados\\\/divisa%cc%83o-politica-2\\\/\"},\"wordCount\":58,\"image\":{\"@id\":\"https:\\\/\\\/consuladogeral-angola.pt\\\/comunicados\\\/divisa%cc%83o-politica-2\\\/#primaryimage\"},\"thumbnailUrl\":\"https:\\\/\\\/consuladogeral-angola.pt\\\/wp-content\\\/uploads\\\/2025\\\/02\\\/dpoliticajpg.jpg\",\"articleSection\":[\"Comunicados\"],\"inLanguage\":\"en-GB\"},{\"@type\":\"WebPage\",\"@id\":\"https:\\\/\\\/consuladogeral-angola.pt\\\/comunicados\\\/divisa%cc%83o-politica-2\\\/\",\"url\":\"https:\\\/\\\/consuladogeral-angola.pt\\\/comunicados\\\/divisa%cc%83o-politica-2\\\/\",\"name\":\"Divisa\u0303o Poli\u0301tica - Consulado Geral da Rep\u00fablica de Angola em Lisboa\",\"isPartOf\":{\"@id\":\"https:\\\/\\\/consuladogeral-angola.pt\\\/#website\"},\"primaryImageOfPage\":{\"@id\":\"https:\\\/\\\/consuladogeral-angola.pt\\\/comunicados\\\/divisa%cc%83o-politica-2\\\/#primaryimage\"},\"image\":{\"@id\":\"https:\\\/\\\/consuladogeral-angola.pt\\\/comunicados\\\/divisa%cc%83o-politica-2\\\/#primaryimage\"},\"thumbnailUrl\":\"https:\\\/\\\/consuladogeral-angola.pt\\\/wp-content\\\/uploads\\\/2025\\\/02\\\/dpoliticajpg.jpg\",\"datePublished\":\"2025-02-17T14:34:43+00:00\",\"dateModified\":\"2025-07-17T16:12:33+00:00\",\"author\":{\"@id\":\"https:\\\/\\\/consuladogeral-angola.pt\\\/#\\\/schema\\\/person\\\/faa4fbfe99dfc0bd00ca9624a45d8186\"},\"breadcrumb\":{\"@id\":\"https:\\\/\\\/consuladogeral-angola.pt\\\/comunicados\\\/divisa%cc%83o-politica-2\\\/#breadcrumb\"},\"inLanguage\":\"en-GB\",\"potentialAction\":[{\"@type\":\"ReadAction\",\"target\":[\"https:\\\/\\\/consuladogeral-angola.pt\\\/comunicados\\\/divisa%cc%83o-politica-2\\\/\"]}]},{\"@type\":\"ImageObject\",\"inLanguage\":\"en-GB\",\"@id\":\"https:\\\/\\\/consuladogeral-angola.pt\\\/comunicados\\\/divisa%cc%83o-politica-2\\\/#primaryimage\",\"url\":\"https:\\\/\\\/consuladogeral-angola.pt\\\/wp-content\\\/uploads\\\/2025\\\/02\\\/dpoliticajpg.jpg\",\"contentUrl\":\"https:\\\/\\\/consuladogeral-angola.pt\\\/wp-content\\\/uploads\\\/2025\\\/02\\\/dpoliticajpg.jpg\",\"width\":546,\"height\":615},{\"@type\":\"BreadcrumbList\",\"@id\":\"https:\\\/\\\/consuladogeral-angola.pt\\\/comunicados\\\/divisa%cc%83o-politica-2\\\/#breadcrumb\",\"itemListElement\":[{\"@type\":\"ListItem\",\"position\":1,\"name\":\"Home\",\"item\":\"https:\\\/\\\/consuladogeral-angola.pt\\\/\"},{\"@type\":\"ListItem\",\"position\":2,\"name\":\"Divisa\u0303o Poli\u0301tica\"}]},{\"@type\":\"WebSite\",\"@id\":\"https:\\\/\\\/consuladogeral-angola.pt\\\/#website\",\"url\":\"https:\\\/\\\/consuladogeral-angola.pt\\\/\",\"name\":\"Consulado Geral da Rep\u00fablica de Angola em Lisboa\",\"description\":\"\",\"potentialAction\":[{\"@type\":\"SearchAction\",\"target\":{\"@type\":\"EntryPoint\",\"urlTemplate\":\"https:\\\/\\\/consuladogeral-angola.pt\\\/?s={search_term_string}\"},\"query-input\":{\"@type\":\"PropertyValueSpecification\",\"valueRequired\":true,\"valueName\":\"search_term_string\"}}],\"inLanguage\":\"en-GB\"},{\"@type\":\"Person\",\"@id\":\"https:\\\/\\\/consuladogeral-angola.pt\\\/#\\\/schema\\\/person\\\/faa4fbfe99dfc0bd00ca9624a45d8186\",\"name\":\"Filipe Quinta\",\"image\":{\"@type\":\"ImageObject\",\"inLanguage\":\"en-GB\",\"@id\":\"https:\\\/\\\/secure.gravatar.com\\\/avatar\\\/b75e7a5e497db487209eb5fc686f25e7210c8b4c0d06b20b64d158ad395f74ac?s=96&d=mm&r=g\",\"url\":\"https:\\\/\\\/secure.gravatar.com\\\/avatar\\\/b75e7a5e497db487209eb5fc686f25e7210c8b4c0d06b20b64d158ad395f74ac?s=96&d=mm&r=g\",\"contentUrl\":\"https:\\\/\\\/secure.gravatar.com\\\/avatar\\\/b75e7a5e497db487209eb5fc686f25e7210c8b4c0d06b20b64d158ad395f74ac?s=96&d=mm&r=g\",\"caption\":\"Filipe Quinta\"},\"sameAs\":[\"https:\\\/\\\/consuladogeral-angola.pt\\\/\"],\"url\":\"https:\\\/\\\/consuladogeral-angola.pt\\\/en\\\/author\\\/filipe-quinta\\\/\"}]}<\/script>\n<!-- \/ Yoast SEO plugin. -->","yoast_head_json":{"title":"Divisa\u0303o Poli\u0301tica - Consulado Geral da Rep\u00fablica de Angola em Lisboa","robots":{"index":"index","follow":"follow","max-snippet":"max-snippet:-1","max-image-preview":"max-image-preview:large","max-video-preview":"max-video-preview:-1"},"canonical":"https:\/\/consuladogeral-angola.pt\/en\/comunicados\/divisa\u0303o-politica-2\/","og_locale":"en_GB","og_type":"article","og_title":"Divisa\u0303o Poli\u0301tica - Consulado Geral da Rep\u00fablica de Angola em Lisboa","og_description":"Considerando a necessidade de actualizar a classifica\u00e7\u00e3o dos munic\u00edpios em decorr\u00eancia dos progressos registados ao n\u00edvel do desenvolvimento econ\u00f3mico e social de algumas unidades territoriais, e devido a cria\u00e7\u00e3o de novos munic\u00edpios por via da Lei n.\u00ba 14\/24, de 5 de Setembro &#8211; Lei da Divis\u00e3o Pol\u00edtico-Administrativa.","og_url":"https:\/\/consuladogeral-angola.pt\/en\/comunicados\/divisa\u0303o-politica-2\/","og_site_name":"Consulado Geral da Rep\u00fablica de Angola em Lisboa","article_published_time":"2025-02-17T14:34:43+00:00","article_modified_time":"2025-07-17T16:12:33+00:00","og_image":[{"width":546,"height":615,"url":"https:\/\/consuladogeral-angola.pt\/wp-content\/uploads\/2025\/02\/dpoliticajpg.jpg","type":"image\/jpeg"}],"author":"Filipe Quinta","twitter_card":"summary_large_image","twitter_misc":{"Written by":"Filipe Quinta"},"schema":{"@context":"https:\/\/schema.org","@graph":[{"@type":"Article","@id":"https:\/\/consuladogeral-angola.pt\/comunicados\/divisa%cc%83o-politica-2\/#article","isPartOf":{"@id":"https:\/\/consuladogeral-angola.pt\/comunicados\/divisa%cc%83o-politica-2\/"},"author":{"name":"Filipe Quinta","@id":"https:\/\/consuladogeral-angola.pt\/#\/schema\/person\/faa4fbfe99dfc0bd00ca9624a45d8186"},"headline":"Divisa\u0303o Poli\u0301tica","datePublished":"2025-02-17T14:34:43+00:00","dateModified":"2025-07-17T16:12:33+00:00","mainEntityOfPage":{"@id":"https:\/\/consuladogeral-angola.pt\/comunicados\/divisa%cc%83o-politica-2\/"},"wordCount":58,"image":{"@id":"https:\/\/consuladogeral-angola.pt\/comunicados\/divisa%cc%83o-politica-2\/#primaryimage"},"thumbnailUrl":"https:\/\/consuladogeral-angola.pt\/wp-content\/uploads\/2025\/02\/dpoliticajpg.jpg","articleSection":["Comunicados"],"inLanguage":"en-GB"},{"@type":"WebPage","@id":"https:\/\/consuladogeral-angola.pt\/comunicados\/divisa%cc%83o-politica-2\/","url":"https:\/\/consuladogeral-angola.pt\/comunicados\/divisa%cc%83o-politica-2\/","name":"Divisa\u0303o Poli\u0301tica - Consulado Geral da Rep\u00fablica de Angola em Lisboa","isPartOf":{"@id":"https:\/\/consuladogeral-angola.pt\/#website"},"primaryImageOfPage":{"@id":"https:\/\/consuladogeral-angola.pt\/comunicados\/divisa%cc%83o-politica-2\/#primaryimage"},"image":{"@id":"https:\/\/consuladogeral-angola.pt\/comunicados\/divisa%cc%83o-politica-2\/#primaryimage"},"thumbnailUrl":"https:\/\/consuladogeral-angola.pt\/wp-content\/uploads\/2025\/02\/dpoliticajpg.jpg","datePublished":"2025-02-17T14:34:43+00:00","dateModified":"2025-07-17T16:12:33+00:00","author":{"@id":"https:\/\/consuladogeral-angola.pt\/#\/schema\/person\/faa4fbfe99dfc0bd00ca9624a45d8186"},"breadcrumb":{"@id":"https:\/\/consuladogeral-angola.pt\/comunicados\/divisa%cc%83o-politica-2\/#breadcrumb"},"inLanguage":"en-GB","potentialAction":[{"@type":"ReadAction","target":["https:\/\/consuladogeral-angola.pt\/comunicados\/divisa%cc%83o-politica-2\/"]}]},{"@type":"ImageObject","inLanguage":"en-GB","@id":"https:\/\/consuladogeral-angola.pt\/comunicados\/divisa%cc%83o-politica-2\/#primaryimage","url":"https:\/\/consuladogeral-angola.pt\/wp-content\/uploads\/2025\/02\/dpoliticajpg.jpg","contentUrl":"https:\/\/consuladogeral-angola.pt\/wp-content\/uploads\/2025\/02\/dpoliticajpg.jpg","width":546,"height":615},{"@type":"BreadcrumbList","@id":"https:\/\/consuladogeral-angola.pt\/comunicados\/divisa%cc%83o-politica-2\/#breadcrumb","itemListElement":[{"@type":"ListItem","position":1,"name":"Home","item":"https:\/\/consuladogeral-angola.pt\/"},{"@type":"ListItem","position":2,"name":"Divisa\u0303o Poli\u0301tica"}]},{"@type":"WebSite","@id":"https:\/\/consuladogeral-angola.pt\/#website","url":"https:\/\/consuladogeral-angola.pt\/","name":"Consulate General of the Republic of Angola in Lisbon","description":"","potentialAction":[{"@type":"SearchAction","target":{"@type":"EntryPoint","urlTemplate":"https:\/\/consuladogeral-angola.pt\/?s={search_term_string}"},"query-input":{"@type":"PropertyValueSpecification","valueRequired":true,"valueName":"search_term_string"}}],"inLanguage":"en-GB"},{"@type":"Person","@id":"https:\/\/consuladogeral-angola.pt\/#\/schema\/person\/faa4fbfe99dfc0bd00ca9624a45d8186","name":"Filipe Quinta","image":{"@type":"ImageObject","inLanguage":"en-GB","@id":"https:\/\/secure.gravatar.com\/avatar\/b75e7a5e497db487209eb5fc686f25e7210c8b4c0d06b20b64d158ad395f74ac?s=96&d=mm&r=g","url":"https:\/\/secure.gravatar.com\/avatar\/b75e7a5e497db487209eb5fc686f25e7210c8b4c0d06b20b64d158ad395f74ac?s=96&d=mm&r=g","contentUrl":"https:\/\/secure.gravatar.com\/avatar\/b75e7a5e497db487209eb5fc686f25e7210c8b4c0d06b20b64d158ad395f74ac?s=96&d=mm&r=g","caption":"Filipe Quinta"},"sameAs":["https:\/\/consuladogeral-angola.pt\/"],"url":"https:\/\/consuladogeral-angola.pt\/en\/author\/filipe-quinta\/"}]}},"_links":{"self":[{"href":"https:\/\/consuladogeral-angola.pt\/en\/wp-json\/wp\/v2\/posts\/3542","targetHints":{"allow":["GET"]}}],"collection":[{"href":"https:\/\/consuladogeral-angola.pt\/en\/wp-json\/wp\/v2\/posts"}],"about":[{"href":"https:\/\/consuladogeral-angola.pt\/en\/wp-json\/wp\/v2\/types\/post"}],"author":[{"embeddable":true,"href":"https:\/\/consuladogeral-angola.pt\/en\/wp-json\/wp\/v2\/users\/4"}],"replies":[{"embeddable":true,"href":"https:\/\/consuladogeral-angola.pt\/en\/wp-json\/wp\/v2\/comments?post=3542"}],"version-history":[{"count":1,"href":"https:\/\/consuladogeral-angola.pt\/en\/wp-json\/wp\/v2\/posts\/3542\/revisions"}],"predecessor-version":[{"id":3543,"href":"https:\/\/consuladogeral-angola.pt\/en\/wp-json\/wp\/v2\/posts\/3542\/revisions\/3543"}],"wp:featuredmedia":[{"embeddable":true,"href":"https:\/\/consuladogeral-angola.pt\/en\/wp-json\/wp\/v2\/media\/3540"}],"wp:attachment":[{"href":"https:\/\/consuladogeral-angola.pt\/en\/wp-json\/wp\/v2\/media?parent=3542"}],"wp:term":[{"taxonomy":"category","embeddable":true,"href":"https:\/\/consuladogeral-angola.pt\/en\/wp-json\/wp\/v2\/categories?post=3542"},{"taxonomy":"post_tag","embeddable":true,"href":"https:\/\/consuladogeral-angola.pt\/en\/wp-json\/wp\/v2\/tags?post=3542"}],"curies":[{"name":"wp","href":"https:\/\/api.w.org\/{rel}","templated":true}]}}