{"id":3549,"date":"2025-02-21T11:54:41","date_gmt":"2025-02-21T11:54:41","guid":{"rendered":"https:\/\/consuladogeral-angola.pt\/?p=3549"},"modified":"2025-07-17T16:12:33","modified_gmt":"2025-07-17T16:12:33","slug":"prova-de-vida-faa","status":"publish","type":"post","link":"https:\/\/consuladogeral-angola.pt\/en\/comunicados\/prova-de-vida-faa\/","title":{"rendered":"Prova de Vida (FAA)"},"content":{"rendered":"<p>O Consulado Geral da Rep\u00fablica de Angola em Lisboa, vem por este meio dar conhecer aos pensionistas vinculados \u00e0 Caixa de Seguran\u00e7a Social das For\u00e7as Armadas Angolanas (FAA) residentes no exterior, que recepcionou um of\u00edcio proveniente do Instituto de Seguran\u00e7a Social das For\u00e7as Armadas Angolanas a informar que doravante a Prova de Vida ser\u00e1 efectuada por v\u00eddeo-confer\u00eancia no m\u00eas de anivers\u00e1rio do benifici\u00e1rio.<\/p>\n\n\n\n<p>Para o efeito, dever\u00e3o fazer o agendamento via online atrav\u00e9s do seguinte endere\u00e7o eletr\u00f3nico, <a href=\"mailto:prova_vida_exterior@isfaa.co.ao\"><strong>prova_vida_exterior@isfaa.co.ao<\/strong><\/a>.<\/p>\n\n\n\n<p>Para mais informa\u00e7\u00f5es, agradecemos que consulte o <a href=\"https:\/\/consuladogeral-angola.pt\/wp-content\/uploads\/2025\/02\/Prova-de-Vida-das-FAA.pdf\">flyer<\/a> em anexo.<\/p>\n\n\n\n<a href=\"https:\/\/consuladogeral-angola.pt\/wp-content\/uploads\/2025\/02\/Prova-de-Vida-das-FAA.pdf\" class=\"special-download-button\" target=\"_blank\" rel=\"noopener\"><i class=\"fas fa-download\"><\/i><span>Download<br><span class=\"small-text\">FLYER<\/span><\/span><\/a>\n\n\n\n<p><strong>CONSULADO GERAL DA REP\u00daBLICA DE ANGOLA EM LISBOA, AOS 21 DE FEVEREIRO DE 2025.<\/strong><\/p>","protected":false},"excerpt":{"rendered":"<p>O Consulado Geral da Rep\u00fablica de Angola em Lisboa, vem por este meio dar conhecer aos pensionistas vinculados \u00e0 Caixa de Seguran\u00e7a Social das For\u00e7as Armadas Angolanas (FAA) residentes no exterior, que recepcionou um of\u00edcio proveniente do Instituto de Seguran\u00e7a Social das For\u00e7as Armadas Angolanas a informar que doravante a Prova de Vida ser\u00e1 efectuada por v\u00eddeo-confer\u00eancia no m\u00eas de anivers\u00e1rio do benifici\u00e1rio. Para o efeito, dever\u00e3o fazer o agendamento via online atrav\u00e9s do seguinte endere\u00e7o eletr\u00f3nico, prova_vida_exterior@isfaa.co.ao. Para mais [&hellip;]<\/p>\n","protected":false},"author":3,"featured_media":2780,"comment_status":"closed","ping_status":"open","sticky":false,"template":"","format":"standard","meta":{"_acf_changed":false,"footnotes":""},"categories":[4],"tags":[],"class_list":["post-3549","post","type-post","status-publish","format-standard","has-post-thumbnail","hentry","category-comunicados"],"acf":[],"yoast_head":"<!-- This site is optimized with the Yoast SEO plugin v27.4 - https:\/\/yoast.com\/product\/yoast-seo-wordpress\/ -->\n<title>Prova de Vida (FAA) - Consulado Geral da Rep\u00fablica de Angola em Lisboa<\/title>\n<meta name=\"robots\" content=\"index, follow, max-snippet:-1, max-image-preview:large, max-video-preview:-1\" \/>\n<link rel=\"canonical\" href=\"https:\/\/consuladogeral-angola.pt\/en\/comunicados\/prova-de-vida-faa\/\" \/>\n<meta property=\"og:locale\" content=\"en_GB\" \/>\n<meta property=\"og:type\" content=\"article\" \/>\n<meta property=\"og:title\" content=\"Prova de Vida (FAA) - Consulado Geral da Rep\u00fablica de Angola em Lisboa\" \/>\n<meta property=\"og:description\" content=\"O Consulado Geral da Rep\u00fablica de Angola em Lisboa, vem por este meio dar conhecer aos pensionistas vinculados \u00e0 Caixa de Seguran\u00e7a Social das For\u00e7as Armadas Angolanas (FAA) residentes no exterior, que recepcionou um of\u00edcio proveniente do Instituto de Seguran\u00e7a Social das For\u00e7as Armadas Angolanas a informar que doravante a Prova de Vida ser\u00e1 efectuada por v\u00eddeo-confer\u00eancia no m\u00eas de anivers\u00e1rio do benifici\u00e1rio. Para o efeito, dever\u00e3o fazer o agendamento via online atrav\u00e9s do seguinte endere\u00e7o eletr\u00f3nico, prova_vida_exterior@isfaa.co.ao. Para mais [&hellip;]\" \/>\n<meta property=\"og:url\" content=\"https:\/\/consuladogeral-angola.pt\/en\/comunicados\/prova-de-vida-faa\/\" \/>\n<meta property=\"og:site_name\" content=\"Consulado Geral da Rep\u00fablica de Angola em Lisboa\" \/>\n<meta property=\"article:published_time\" content=\"2025-02-21T11:54:41+00:00\" \/>\n<meta property=\"article:modified_time\" content=\"2025-07-17T16:12:33+00:00\" \/>\n<meta property=\"og:image\" content=\"https:\/\/consuladogeral-angola.pt\/wp-content\/uploads\/2023\/03\/comunicados2.fwz_.fwp_.fw_.png\" \/>\n\t<meta property=\"og:image:width\" content=\"700\" \/>\n\t<meta property=\"og:image:height\" content=\"420\" \/>\n\t<meta property=\"og:image:type\" content=\"image\/png\" \/>\n<meta name=\"author\" content=\"cagLisboa\" \/>\n<meta name=\"twitter:card\" content=\"summary_large_image\" \/>\n<meta name=\"twitter:label1\" content=\"Written by\" \/>\n\t<meta name=\"twitter:data1\" content=\"cagLisboa\" \/>\n\t<meta name=\"twitter:label2\" content=\"Estimated reading time\" \/>\n\t<meta name=\"twitter:data2\" content=\"1 minute\" \/>\n<script type=\"application\/ld+json\" class=\"yoast-schema-graph\">{\"@context\":\"https:\\\/\\\/schema.org\",\"@graph\":[{\"@type\":\"Article\",\"@id\":\"https:\\\/\\\/consuladogeral-angola.pt\\\/comunicados\\\/prova-de-vida-faa\\\/#article\",\"isPartOf\":{\"@id\":\"https:\\\/\\\/consuladogeral-angola.pt\\\/comunicados\\\/prova-de-vida-faa\\\/\"},\"author\":{\"name\":\"cagLisboa\",\"@id\":\"https:\\\/\\\/consuladogeral-angola.pt\\\/#\\\/schema\\\/person\\\/f514fb95835b32a9aa7be9b8a8a12afa\"},\"headline\":\"Prova de Vida (FAA)\",\"datePublished\":\"2025-02-21T11:54:41+00:00\",\"dateModified\":\"2025-07-17T16:12:33+00:00\",\"mainEntityOfPage\":{\"@id\":\"https:\\\/\\\/consuladogeral-angola.pt\\\/comunicados\\\/prova-de-vida-faa\\\/\"},\"wordCount\":127,\"image\":{\"@id\":\"https:\\\/\\\/consuladogeral-angola.pt\\\/comunicados\\\/prova-de-vida-faa\\\/#primaryimage\"},\"thumbnailUrl\":\"https:\\\/\\\/consuladogeral-angola.pt\\\/wp-content\\\/uploads\\\/2023\\\/03\\\/comunicados2.fwz_.fwp_.fw_.png\",\"articleSection\":[\"Comunicados\"],\"inLanguage\":\"en-GB\"},{\"@type\":\"WebPage\",\"@id\":\"https:\\\/\\\/consuladogeral-angola.pt\\\/comunicados\\\/prova-de-vida-faa\\\/\",\"url\":\"https:\\\/\\\/consuladogeral-angola.pt\\\/comunicados\\\/prova-de-vida-faa\\\/\",\"name\":\"Prova de Vida (FAA) - Consulado Geral da Rep\u00fablica de Angola em Lisboa\",\"isPartOf\":{\"@id\":\"https:\\\/\\\/consuladogeral-angola.pt\\\/#website\"},\"primaryImageOfPage\":{\"@id\":\"https:\\\/\\\/consuladogeral-angola.pt\\\/comunicados\\\/prova-de-vida-faa\\\/#primaryimage\"},\"image\":{\"@id\":\"https:\\\/\\\/consuladogeral-angola.pt\\\/comunicados\\\/prova-de-vida-faa\\\/#primaryimage\"},\"thumbnailUrl\":\"https:\\\/\\\/consuladogeral-angola.pt\\\/wp-content\\\/uploads\\\/2023\\\/03\\\/comunicados2.fwz_.fwp_.fw_.png\",\"datePublished\":\"2025-02-21T11:54:41+00:00\",\"dateModified\":\"2025-07-17T16:12:33+00:00\",\"author\":{\"@id\":\"https:\\\/\\\/consuladogeral-angola.pt\\\/#\\\/schema\\\/person\\\/f514fb95835b32a9aa7be9b8a8a12afa\"},\"breadcrumb\":{\"@id\":\"https:\\\/\\\/consuladogeral-angola.pt\\\/comunicados\\\/prova-de-vida-faa\\\/#breadcrumb\"},\"inLanguage\":\"en-GB\",\"potentialAction\":[{\"@type\":\"ReadAction\",\"target\":[\"https:\\\/\\\/consuladogeral-angola.pt\\\/comunicados\\\/prova-de-vida-faa\\\/\"]}]},{\"@type\":\"ImageObject\",\"inLanguage\":\"en-GB\",\"@id\":\"https:\\\/\\\/consuladogeral-angola.pt\\\/comunicados\\\/prova-de-vida-faa\\\/#primaryimage\",\"url\":\"https:\\\/\\\/consuladogeral-angola.pt\\\/wp-content\\\/uploads\\\/2023\\\/03\\\/comunicados2.fwz_.fwp_.fw_.png\",\"contentUrl\":\"https:\\\/\\\/consuladogeral-angola.pt\\\/wp-content\\\/uploads\\\/2023\\\/03\\\/comunicados2.fwz_.fwp_.fw_.png\",\"width\":700,\"height\":420},{\"@type\":\"BreadcrumbList\",\"@id\":\"https:\\\/\\\/consuladogeral-angola.pt\\\/comunicados\\\/prova-de-vida-faa\\\/#breadcrumb\",\"itemListElement\":[{\"@type\":\"ListItem\",\"position\":1,\"name\":\"Home\",\"item\":\"https:\\\/\\\/consuladogeral-angola.pt\\\/\"},{\"@type\":\"ListItem\",\"position\":2,\"name\":\"Prova de Vida (FAA)\"}]},{\"@type\":\"WebSite\",\"@id\":\"https:\\\/\\\/consuladogeral-angola.pt\\\/#website\",\"url\":\"https:\\\/\\\/consuladogeral-angola.pt\\\/\",\"name\":\"Consulado Geral da Rep\u00fablica de Angola em Lisboa\",\"description\":\"\",\"potentialAction\":[{\"@type\":\"SearchAction\",\"target\":{\"@type\":\"EntryPoint\",\"urlTemplate\":\"https:\\\/\\\/consuladogeral-angola.pt\\\/?s={search_term_string}\"},\"query-input\":{\"@type\":\"PropertyValueSpecification\",\"valueRequired\":true,\"valueName\":\"search_term_string\"}}],\"inLanguage\":\"en-GB\"},{\"@type\":\"Person\",\"@id\":\"https:\\\/\\\/consuladogeral-angola.pt\\\/#\\\/schema\\\/person\\\/f514fb95835b32a9aa7be9b8a8a12afa\",\"name\":\"cagLisboa\",\"image\":{\"@type\":\"ImageObject\",\"inLanguage\":\"en-GB\",\"@id\":\"https:\\\/\\\/secure.gravatar.com\\\/avatar\\\/93722c48d19e8656364246bf57f794ae613e2b2696d019e2f3a8a9e5d9d584d4?s=96&d=mm&r=g\",\"url\":\"https:\\\/\\\/secure.gravatar.com\\\/avatar\\\/93722c48d19e8656364246bf57f794ae613e2b2696d019e2f3a8a9e5d9d584d4?s=96&d=mm&r=g\",\"contentUrl\":\"https:\\\/\\\/secure.gravatar.com\\\/avatar\\\/93722c48d19e8656364246bf57f794ae613e2b2696d019e2f3a8a9e5d9d584d4?s=96&d=mm&r=g\",\"caption\":\"cagLisboa\"},\"url\":\"https:\\\/\\\/consuladogeral-angola.pt\\\/en\\\/author\\\/caglisboa\\\/\"}]}<\/script>\n<!-- \/ Yoast SEO plugin. -->","yoast_head_json":{"title":"Prova de Vida (FAA) - Consulado Geral da Rep\u00fablica de Angola em Lisboa","robots":{"index":"index","follow":"follow","max-snippet":"max-snippet:-1","max-image-preview":"max-image-preview:large","max-video-preview":"max-video-preview:-1"},"canonical":"https:\/\/consuladogeral-angola.pt\/en\/comunicados\/prova-de-vida-faa\/","og_locale":"en_GB","og_type":"article","og_title":"Prova de Vida (FAA) - Consulado Geral da Rep\u00fablica de Angola em Lisboa","og_description":"O Consulado Geral da Rep\u00fablica de Angola em Lisboa, vem por este meio dar conhecer aos pensionistas vinculados \u00e0 Caixa de Seguran\u00e7a Social das For\u00e7as Armadas Angolanas (FAA) residentes no exterior, que recepcionou um of\u00edcio proveniente do Instituto de Seguran\u00e7a Social das For\u00e7as Armadas Angolanas a informar que doravante a Prova de Vida ser\u00e1 efectuada por v\u00eddeo-confer\u00eancia no m\u00eas de anivers\u00e1rio do benifici\u00e1rio. Para o efeito, dever\u00e3o fazer o agendamento via online atrav\u00e9s do seguinte endere\u00e7o eletr\u00f3nico, prova_vida_exterior@isfaa.co.ao. Para mais [&hellip;]","og_url":"https:\/\/consuladogeral-angola.pt\/en\/comunicados\/prova-de-vida-faa\/","og_site_name":"Consulado Geral da Rep\u00fablica de Angola em Lisboa","article_published_time":"2025-02-21T11:54:41+00:00","article_modified_time":"2025-07-17T16:12:33+00:00","og_image":[{"width":700,"height":420,"url":"https:\/\/consuladogeral-angola.pt\/wp-content\/uploads\/2023\/03\/comunicados2.fwz_.fwp_.fw_.png","type":"image\/png"}],"author":"cagLisboa","twitter_card":"summary_large_image","twitter_misc":{"Written by":"cagLisboa","Estimated reading time":"1 minute"},"schema":{"@context":"https:\/\/schema.org","@graph":[{"@type":"Article","@id":"https:\/\/consuladogeral-angola.pt\/comunicados\/prova-de-vida-faa\/#article","isPartOf":{"@id":"https:\/\/consuladogeral-angola.pt\/comunicados\/prova-de-vida-faa\/"},"author":{"name":"cagLisboa","@id":"https:\/\/consuladogeral-angola.pt\/#\/schema\/person\/f514fb95835b32a9aa7be9b8a8a12afa"},"headline":"Prova de Vida (FAA)","datePublished":"2025-02-21T11:54:41+00:00","dateModified":"2025-07-17T16:12:33+00:00","mainEntityOfPage":{"@id":"https:\/\/consuladogeral-angola.pt\/comunicados\/prova-de-vida-faa\/"},"wordCount":127,"image":{"@id":"https:\/\/consuladogeral-angola.pt\/comunicados\/prova-de-vida-faa\/#primaryimage"},"thumbnailUrl":"https:\/\/consuladogeral-angola.pt\/wp-content\/uploads\/2023\/03\/comunicados2.fwz_.fwp_.fw_.png","articleSection":["Comunicados"],"inLanguage":"en-GB"},{"@type":"WebPage","@id":"https:\/\/consuladogeral-angola.pt\/comunicados\/prova-de-vida-faa\/","url":"https:\/\/consuladogeral-angola.pt\/comunicados\/prova-de-vida-faa\/","name":"Prova de Vida (FAA) - Consulado Geral da Rep\u00fablica de Angola em Lisboa","isPartOf":{"@id":"https:\/\/consuladogeral-angola.pt\/#website"},"primaryImageOfPage":{"@id":"https:\/\/consuladogeral-angola.pt\/comunicados\/prova-de-vida-faa\/#primaryimage"},"image":{"@id":"https:\/\/consuladogeral-angola.pt\/comunicados\/prova-de-vida-faa\/#primaryimage"},"thumbnailUrl":"https:\/\/consuladogeral-angola.pt\/wp-content\/uploads\/2023\/03\/comunicados2.fwz_.fwp_.fw_.png","datePublished":"2025-02-21T11:54:41+00:00","dateModified":"2025-07-17T16:12:33+00:00","author":{"@id":"https:\/\/consuladogeral-angola.pt\/#\/schema\/person\/f514fb95835b32a9aa7be9b8a8a12afa"},"breadcrumb":{"@id":"https:\/\/consuladogeral-angola.pt\/comunicados\/prova-de-vida-faa\/#breadcrumb"},"inLanguage":"en-GB","potentialAction":[{"@type":"ReadAction","target":["https:\/\/consuladogeral-angola.pt\/comunicados\/prova-de-vida-faa\/"]}]},{"@type":"ImageObject","inLanguage":"en-GB","@id":"https:\/\/consuladogeral-angola.pt\/comunicados\/prova-de-vida-faa\/#primaryimage","url":"https:\/\/consuladogeral-angola.pt\/wp-content\/uploads\/2023\/03\/comunicados2.fwz_.fwp_.fw_.png","contentUrl":"https:\/\/consuladogeral-angola.pt\/wp-content\/uploads\/2023\/03\/comunicados2.fwz_.fwp_.fw_.png","width":700,"height":420},{"@type":"BreadcrumbList","@id":"https:\/\/consuladogeral-angola.pt\/comunicados\/prova-de-vida-faa\/#breadcrumb","itemListElement":[{"@type":"ListItem","position":1,"name":"Home","item":"https:\/\/consuladogeral-angola.pt\/"},{"@type":"ListItem","position":2,"name":"Prova de Vida (FAA)"}]},{"@type":"WebSite","@id":"https:\/\/consuladogeral-angola.pt\/#website","url":"https:\/\/consuladogeral-angola.pt\/","name":"Consulate General of the Republic of Angola in Lisbon","description":"","potentialAction":[{"@type":"SearchAction","target":{"@type":"EntryPoint","urlTemplate":"https:\/\/consuladogeral-angola.pt\/?s={search_term_string}"},"query-input":{"@type":"PropertyValueSpecification","valueRequired":true,"valueName":"search_term_string"}}],"inLanguage":"en-GB"},{"@type":"Person","@id":"https:\/\/consuladogeral-angola.pt\/#\/schema\/person\/f514fb95835b32a9aa7be9b8a8a12afa","name":"cagLisboa","image":{"@type":"ImageObject","inLanguage":"en-GB","@id":"https:\/\/secure.gravatar.com\/avatar\/93722c48d19e8656364246bf57f794ae613e2b2696d019e2f3a8a9e5d9d584d4?s=96&d=mm&r=g","url":"https:\/\/secure.gravatar.com\/avatar\/93722c48d19e8656364246bf57f794ae613e2b2696d019e2f3a8a9e5d9d584d4?s=96&d=mm&r=g","contentUrl":"https:\/\/secure.gravatar.com\/avatar\/93722c48d19e8656364246bf57f794ae613e2b2696d019e2f3a8a9e5d9d584d4?s=96&d=mm&r=g","caption":"cagLisboa"},"url":"https:\/\/consuladogeral-angola.pt\/en\/author\/caglisboa\/"}]}},"_links":{"self":[{"href":"https:\/\/consuladogeral-angola.pt\/en\/wp-json\/wp\/v2\/posts\/3549","targetHints":{"allow":["GET"]}}],"collection":[{"href":"https:\/\/consuladogeral-angola.pt\/en\/wp-json\/wp\/v2\/posts"}],"about":[{"href":"https:\/\/consuladogeral-angola.pt\/en\/wp-json\/wp\/v2\/types\/post"}],"author":[{"embeddable":true,"href":"https:\/\/consuladogeral-angola.pt\/en\/wp-json\/wp\/v2\/users\/3"}],"replies":[{"embeddable":true,"href":"https:\/\/consuladogeral-angola.pt\/en\/wp-json\/wp\/v2\/comments?post=3549"}],"version-history":[{"count":1,"href":"https:\/\/consuladogeral-angola.pt\/en\/wp-json\/wp\/v2\/posts\/3549\/revisions"}],"predecessor-version":[{"id":3551,"href":"https:\/\/consuladogeral-angola.pt\/en\/wp-json\/wp\/v2\/posts\/3549\/revisions\/3551"}],"wp:featuredmedia":[{"embeddable":true,"href":"https:\/\/consuladogeral-angola.pt\/en\/wp-json\/wp\/v2\/media\/2780"}],"wp:attachment":[{"href":"https:\/\/consuladogeral-angola.pt\/en\/wp-json\/wp\/v2\/media?parent=3549"}],"wp:term":[{"taxonomy":"category","embeddable":true,"href":"https:\/\/consuladogeral-angola.pt\/en\/wp-json\/wp\/v2\/categories?post=3549"},{"taxonomy":"post_tag","embeddable":true,"href":"https:\/\/consuladogeral-angola.pt\/en\/wp-json\/wp\/v2\/tags?post=3549"}],"curies":[{"name":"wp","href":"https:\/\/api.w.org\/{rel}","templated":true}]}}