{"id":3569,"date":"2025-03-07T16:04:35","date_gmt":"2025-03-07T16:04:35","guid":{"rendered":"https:\/\/consuladogeral-angola.pt\/?p=3569"},"modified":"2025-07-17T16:12:30","modified_gmt":"2025-07-17T16:12:30","slug":"comunicado-de-imprensa-2","status":"publish","type":"post","link":"https:\/\/consuladogeral-angola.pt\/en\/comunicados\/comunicado-de-imprensa-2\/","title":{"rendered":"COMUNICADO DE IMPRENSA"},"content":{"rendered":"<p>O Consulado Geral da Rep\u00fablica de Angola em Lisboa, vem pelo presente esclarecer, que desde o dia 28 de Fevereiro do ano em curso, tem registado uma aflu\u00eancia de utentes acima da m\u00e9dia \u00e0s suas instala\u00e7\u00f5es, localizadas em Alc\u00e2ntara, derivadas do facto de a Ag\u00eancia para a Integra\u00e7\u00e3o, Migra\u00e7\u00e3o e Asilo (AIMA), ter dado in\u00edcio ao processo de emiss\u00e3o e renova\u00e7\u00e3o de autoriza\u00e7\u00e3o de resid\u00eancia, com particular realce, para a autoriza\u00e7\u00e3o de resid\u00eancia, atribu\u00edda ao abrigo do acordo com os pa\u00edses da CPLP, o chamado visto CPLP.<\/p>\n\n\n\n<p>Para este processo de renova\u00e7\u00e3o de autoriza\u00e7\u00e3o de resid\u00eancia, a AIMA estabelece prazos pr\u00f3prios, para a entrega de documenta\u00e7\u00e3o espec\u00edfica, como por exemplo, o Atestado de Registo Criminal documento que deve ser emitido em coordena\u00e7\u00e3o com o Centro de Produ\u00e7\u00e3o de Bilhetes de Identidade \u2013 CPBI em Luanda.<\/p>\n\n\n\n<p>O elevado n\u00famero de solicitantes di\u00e1rios que atinge algumas centenas associado ao prazo de 48 horas estabelecido pela AIMA para a apresenta\u00e7\u00e3o da documenta\u00e7\u00e3o tem pressionado os servi\u00e7os e as condi\u00e7\u00f5es de acondicionamento dos utentes.<\/p>\n\n\n\n<p>Nesta conformidade o Consulado gostaria de tranquilizar e assegurar \u00e0 Comunidade Angolana residente na sua \u00e1rea de jurisdi\u00e7\u00e3o bem como aos demais utentes dos seus servi\u00e7os que face a esta dif\u00edcil situa\u00e7\u00e3o garantir\u00e1 o funcionamento dos servi\u00e7os de atendimento, buscando melhor solu\u00e7\u00e3o \u00e0 presente situa\u00e7\u00e3o.<\/p>\n\n\n\n<p>Apela aos utentes dos seus servi\u00e7os \u00e0 calma que evitem o alarmismo e a difus\u00e3o de noticias falsas.<\/p>","protected":false},"excerpt":{"rendered":"<p>O Consulado Geral da Rep\u00fablica de Angola em Lisboa, vem pelo presente esclarecer, que desde o dia 28 de Fevereiro do ano em curso, tem registado uma aflu\u00eancia de utentes acima da m\u00e9dia \u00e0s suas instala\u00e7\u00f5es, localizadas em Alc\u00e2ntara, derivadas do facto de a Ag\u00eancia para a Integra\u00e7\u00e3o, Migra\u00e7\u00e3o e Asilo (AIMA), ter dado in\u00edcio ao processo de emiss\u00e3o e renova\u00e7\u00e3o de autoriza\u00e7\u00e3o de resid\u00eancia, com particular realce, para a autoriza\u00e7\u00e3o de resid\u00eancia, atribu\u00edda ao abrigo do acordo com os [&hellip;]<\/p>\n","protected":false},"author":4,"featured_media":2779,"comment_status":"closed","ping_status":"open","sticky":false,"template":"","format":"standard","meta":{"_acf_changed":false,"footnotes":""},"categories":[4],"tags":[],"class_list":["post-3569","post","type-post","status-publish","format-standard","has-post-thumbnail","hentry","category-comunicados"],"acf":[],"yoast_head":"<!-- This site is optimized with the Yoast SEO plugin v27.4 - https:\/\/yoast.com\/product\/yoast-seo-wordpress\/ -->\n<title>COMUNICADO DE IMPRENSA - Consulado Geral da Rep\u00fablica de Angola em Lisboa<\/title>\n<meta name=\"robots\" content=\"index, follow, max-snippet:-1, max-image-preview:large, max-video-preview:-1\" \/>\n<link rel=\"canonical\" href=\"https:\/\/consuladogeral-angola.pt\/en\/comunicados\/comunicado-de-imprensa-2\/\" \/>\n<meta property=\"og:locale\" content=\"en_GB\" \/>\n<meta property=\"og:type\" content=\"article\" \/>\n<meta property=\"og:title\" content=\"COMUNICADO DE IMPRENSA - Consulado Geral da Rep\u00fablica de Angola em Lisboa\" \/>\n<meta property=\"og:description\" content=\"O Consulado Geral da Rep\u00fablica de Angola em Lisboa, vem pelo presente esclarecer, que desde o dia 28 de Fevereiro do ano em curso, tem registado uma aflu\u00eancia de utentes acima da m\u00e9dia \u00e0s suas instala\u00e7\u00f5es, localizadas em Alc\u00e2ntara, derivadas do facto de a Ag\u00eancia para a Integra\u00e7\u00e3o, Migra\u00e7\u00e3o e Asilo (AIMA), ter dado in\u00edcio ao processo de emiss\u00e3o e renova\u00e7\u00e3o de autoriza\u00e7\u00e3o de resid\u00eancia, com particular realce, para a autoriza\u00e7\u00e3o de resid\u00eancia, atribu\u00edda ao abrigo do acordo com os [&hellip;]\" \/>\n<meta property=\"og:url\" content=\"https:\/\/consuladogeral-angola.pt\/en\/comunicados\/comunicado-de-imprensa-2\/\" \/>\n<meta property=\"og:site_name\" content=\"Consulado Geral da Rep\u00fablica de Angola em Lisboa\" \/>\n<meta property=\"article:published_time\" content=\"2025-03-07T16:04:35+00:00\" \/>\n<meta property=\"article:modified_time\" content=\"2025-07-17T16:12:30+00:00\" \/>\n<meta property=\"og:image\" content=\"https:\/\/consuladogeral-angola.pt\/wp-content\/uploads\/2023\/03\/comunicados2.fw_-1.png\" \/>\n\t<meta property=\"og:image:width\" content=\"700\" \/>\n\t<meta property=\"og:image:height\" content=\"420\" \/>\n\t<meta property=\"og:image:type\" content=\"image\/png\" \/>\n<meta name=\"author\" content=\"Filipe Quinta\" \/>\n<meta name=\"twitter:card\" content=\"summary_large_image\" \/>\n<meta name=\"twitter:label1\" content=\"Written by\" \/>\n\t<meta name=\"twitter:data1\" content=\"Filipe Quinta\" \/>\n\t<meta name=\"twitter:label2\" content=\"Estimated reading time\" \/>\n\t<meta name=\"twitter:data2\" content=\"1 minute\" \/>\n<script type=\"application\/ld+json\" class=\"yoast-schema-graph\">{\"@context\":\"https:\\\/\\\/schema.org\",\"@graph\":[{\"@type\":\"Article\",\"@id\":\"https:\\\/\\\/consuladogeral-angola.pt\\\/comunicados\\\/comunicado-de-imprensa-2\\\/#article\",\"isPartOf\":{\"@id\":\"https:\\\/\\\/consuladogeral-angola.pt\\\/comunicados\\\/comunicado-de-imprensa-2\\\/\"},\"author\":{\"name\":\"Filipe Quinta\",\"@id\":\"https:\\\/\\\/consuladogeral-angola.pt\\\/#\\\/schema\\\/person\\\/faa4fbfe99dfc0bd00ca9624a45d8186\"},\"headline\":\"COMUNICADO DE IMPRENSA\",\"datePublished\":\"2025-03-07T16:04:35+00:00\",\"dateModified\":\"2025-07-17T16:12:30+00:00\",\"mainEntityOfPage\":{\"@id\":\"https:\\\/\\\/consuladogeral-angola.pt\\\/comunicados\\\/comunicado-de-imprensa-2\\\/\"},\"wordCount\":270,\"image\":{\"@id\":\"https:\\\/\\\/consuladogeral-angola.pt\\\/comunicados\\\/comunicado-de-imprensa-2\\\/#primaryimage\"},\"thumbnailUrl\":\"https:\\\/\\\/consuladogeral-angola.pt\\\/wp-content\\\/uploads\\\/2023\\\/03\\\/comunicados2.fw_-1.png\",\"articleSection\":[\"Comunicados\"],\"inLanguage\":\"en-GB\"},{\"@type\":\"WebPage\",\"@id\":\"https:\\\/\\\/consuladogeral-angola.pt\\\/comunicados\\\/comunicado-de-imprensa-2\\\/\",\"url\":\"https:\\\/\\\/consuladogeral-angola.pt\\\/comunicados\\\/comunicado-de-imprensa-2\\\/\",\"name\":\"COMUNICADO DE IMPRENSA - Consulado Geral da Rep\u00fablica de Angola em Lisboa\",\"isPartOf\":{\"@id\":\"https:\\\/\\\/consuladogeral-angola.pt\\\/#website\"},\"primaryImageOfPage\":{\"@id\":\"https:\\\/\\\/consuladogeral-angola.pt\\\/comunicados\\\/comunicado-de-imprensa-2\\\/#primaryimage\"},\"image\":{\"@id\":\"https:\\\/\\\/consuladogeral-angola.pt\\\/comunicados\\\/comunicado-de-imprensa-2\\\/#primaryimage\"},\"thumbnailUrl\":\"https:\\\/\\\/consuladogeral-angola.pt\\\/wp-content\\\/uploads\\\/2023\\\/03\\\/comunicados2.fw_-1.png\",\"datePublished\":\"2025-03-07T16:04:35+00:00\",\"dateModified\":\"2025-07-17T16:12:30+00:00\",\"author\":{\"@id\":\"https:\\\/\\\/consuladogeral-angola.pt\\\/#\\\/schema\\\/person\\\/faa4fbfe99dfc0bd00ca9624a45d8186\"},\"breadcrumb\":{\"@id\":\"https:\\\/\\\/consuladogeral-angola.pt\\\/comunicados\\\/comunicado-de-imprensa-2\\\/#breadcrumb\"},\"inLanguage\":\"en-GB\",\"potentialAction\":[{\"@type\":\"ReadAction\",\"target\":[\"https:\\\/\\\/consuladogeral-angola.pt\\\/comunicados\\\/comunicado-de-imprensa-2\\\/\"]}]},{\"@type\":\"ImageObject\",\"inLanguage\":\"en-GB\",\"@id\":\"https:\\\/\\\/consuladogeral-angola.pt\\\/comunicados\\\/comunicado-de-imprensa-2\\\/#primaryimage\",\"url\":\"https:\\\/\\\/consuladogeral-angola.pt\\\/wp-content\\\/uploads\\\/2023\\\/03\\\/comunicados2.fw_-1.png\",\"contentUrl\":\"https:\\\/\\\/consuladogeral-angola.pt\\\/wp-content\\\/uploads\\\/2023\\\/03\\\/comunicados2.fw_-1.png\",\"width\":700,\"height\":420},{\"@type\":\"BreadcrumbList\",\"@id\":\"https:\\\/\\\/consuladogeral-angola.pt\\\/comunicados\\\/comunicado-de-imprensa-2\\\/#breadcrumb\",\"itemListElement\":[{\"@type\":\"ListItem\",\"position\":1,\"name\":\"Home\",\"item\":\"https:\\\/\\\/consuladogeral-angola.pt\\\/\"},{\"@type\":\"ListItem\",\"position\":2,\"name\":\"COMUNICADO DE IMPRENSA\"}]},{\"@type\":\"WebSite\",\"@id\":\"https:\\\/\\\/consuladogeral-angola.pt\\\/#website\",\"url\":\"https:\\\/\\\/consuladogeral-angola.pt\\\/\",\"name\":\"Consulado Geral da Rep\u00fablica de Angola em Lisboa\",\"description\":\"\",\"potentialAction\":[{\"@type\":\"SearchAction\",\"target\":{\"@type\":\"EntryPoint\",\"urlTemplate\":\"https:\\\/\\\/consuladogeral-angola.pt\\\/?s={search_term_string}\"},\"query-input\":{\"@type\":\"PropertyValueSpecification\",\"valueRequired\":true,\"valueName\":\"search_term_string\"}}],\"inLanguage\":\"en-GB\"},{\"@type\":\"Person\",\"@id\":\"https:\\\/\\\/consuladogeral-angola.pt\\\/#\\\/schema\\\/person\\\/faa4fbfe99dfc0bd00ca9624a45d8186\",\"name\":\"Filipe Quinta\",\"image\":{\"@type\":\"ImageObject\",\"inLanguage\":\"en-GB\",\"@id\":\"https:\\\/\\\/secure.gravatar.com\\\/avatar\\\/b75e7a5e497db487209eb5fc686f25e7210c8b4c0d06b20b64d158ad395f74ac?s=96&d=mm&r=g\",\"url\":\"https:\\\/\\\/secure.gravatar.com\\\/avatar\\\/b75e7a5e497db487209eb5fc686f25e7210c8b4c0d06b20b64d158ad395f74ac?s=96&d=mm&r=g\",\"contentUrl\":\"https:\\\/\\\/secure.gravatar.com\\\/avatar\\\/b75e7a5e497db487209eb5fc686f25e7210c8b4c0d06b20b64d158ad395f74ac?s=96&d=mm&r=g\",\"caption\":\"Filipe Quinta\"},\"sameAs\":[\"https:\\\/\\\/consuladogeral-angola.pt\\\/\"],\"url\":\"https:\\\/\\\/consuladogeral-angola.pt\\\/en\\\/author\\\/filipe-quinta\\\/\"}]}<\/script>\n<!-- \/ Yoast SEO plugin. -->","yoast_head_json":{"title":"COMUNICADO DE IMPRENSA - Consulado Geral da Rep\u00fablica de Angola em Lisboa","robots":{"index":"index","follow":"follow","max-snippet":"max-snippet:-1","max-image-preview":"max-image-preview:large","max-video-preview":"max-video-preview:-1"},"canonical":"https:\/\/consuladogeral-angola.pt\/en\/comunicados\/comunicado-de-imprensa-2\/","og_locale":"en_GB","og_type":"article","og_title":"COMUNICADO DE IMPRENSA - Consulado Geral da Rep\u00fablica de Angola em Lisboa","og_description":"O Consulado Geral da Rep\u00fablica de Angola em Lisboa, vem pelo presente esclarecer, que desde o dia 28 de Fevereiro do ano em curso, tem registado uma aflu\u00eancia de utentes acima da m\u00e9dia \u00e0s suas instala\u00e7\u00f5es, localizadas em Alc\u00e2ntara, derivadas do facto de a Ag\u00eancia para a Integra\u00e7\u00e3o, Migra\u00e7\u00e3o e Asilo (AIMA), ter dado in\u00edcio ao processo de emiss\u00e3o e renova\u00e7\u00e3o de autoriza\u00e7\u00e3o de resid\u00eancia, com particular realce, para a autoriza\u00e7\u00e3o de resid\u00eancia, atribu\u00edda ao abrigo do acordo com os [&hellip;]","og_url":"https:\/\/consuladogeral-angola.pt\/en\/comunicados\/comunicado-de-imprensa-2\/","og_site_name":"Consulado Geral da Rep\u00fablica de Angola em Lisboa","article_published_time":"2025-03-07T16:04:35+00:00","article_modified_time":"2025-07-17T16:12:30+00:00","og_image":[{"width":700,"height":420,"url":"https:\/\/consuladogeral-angola.pt\/wp-content\/uploads\/2023\/03\/comunicados2.fw_-1.png","type":"image\/png"}],"author":"Filipe Quinta","twitter_card":"summary_large_image","twitter_misc":{"Written by":"Filipe Quinta","Estimated reading time":"1 minute"},"schema":{"@context":"https:\/\/schema.org","@graph":[{"@type":"Article","@id":"https:\/\/consuladogeral-angola.pt\/comunicados\/comunicado-de-imprensa-2\/#article","isPartOf":{"@id":"https:\/\/consuladogeral-angola.pt\/comunicados\/comunicado-de-imprensa-2\/"},"author":{"name":"Filipe Quinta","@id":"https:\/\/consuladogeral-angola.pt\/#\/schema\/person\/faa4fbfe99dfc0bd00ca9624a45d8186"},"headline":"COMUNICADO DE IMPRENSA","datePublished":"2025-03-07T16:04:35+00:00","dateModified":"2025-07-17T16:12:30+00:00","mainEntityOfPage":{"@id":"https:\/\/consuladogeral-angola.pt\/comunicados\/comunicado-de-imprensa-2\/"},"wordCount":270,"image":{"@id":"https:\/\/consuladogeral-angola.pt\/comunicados\/comunicado-de-imprensa-2\/#primaryimage"},"thumbnailUrl":"https:\/\/consuladogeral-angola.pt\/wp-content\/uploads\/2023\/03\/comunicados2.fw_-1.png","articleSection":["Comunicados"],"inLanguage":"en-GB"},{"@type":"WebPage","@id":"https:\/\/consuladogeral-angola.pt\/comunicados\/comunicado-de-imprensa-2\/","url":"https:\/\/consuladogeral-angola.pt\/comunicados\/comunicado-de-imprensa-2\/","name":"COMUNICADO DE IMPRENSA - Consulado Geral da Rep\u00fablica de Angola em Lisboa","isPartOf":{"@id":"https:\/\/consuladogeral-angola.pt\/#website"},"primaryImageOfPage":{"@id":"https:\/\/consuladogeral-angola.pt\/comunicados\/comunicado-de-imprensa-2\/#primaryimage"},"image":{"@id":"https:\/\/consuladogeral-angola.pt\/comunicados\/comunicado-de-imprensa-2\/#primaryimage"},"thumbnailUrl":"https:\/\/consuladogeral-angola.pt\/wp-content\/uploads\/2023\/03\/comunicados2.fw_-1.png","datePublished":"2025-03-07T16:04:35+00:00","dateModified":"2025-07-17T16:12:30+00:00","author":{"@id":"https:\/\/consuladogeral-angola.pt\/#\/schema\/person\/faa4fbfe99dfc0bd00ca9624a45d8186"},"breadcrumb":{"@id":"https:\/\/consuladogeral-angola.pt\/comunicados\/comunicado-de-imprensa-2\/#breadcrumb"},"inLanguage":"en-GB","potentialAction":[{"@type":"ReadAction","target":["https:\/\/consuladogeral-angola.pt\/comunicados\/comunicado-de-imprensa-2\/"]}]},{"@type":"ImageObject","inLanguage":"en-GB","@id":"https:\/\/consuladogeral-angola.pt\/comunicados\/comunicado-de-imprensa-2\/#primaryimage","url":"https:\/\/consuladogeral-angola.pt\/wp-content\/uploads\/2023\/03\/comunicados2.fw_-1.png","contentUrl":"https:\/\/consuladogeral-angola.pt\/wp-content\/uploads\/2023\/03\/comunicados2.fw_-1.png","width":700,"height":420},{"@type":"BreadcrumbList","@id":"https:\/\/consuladogeral-angola.pt\/comunicados\/comunicado-de-imprensa-2\/#breadcrumb","itemListElement":[{"@type":"ListItem","position":1,"name":"Home","item":"https:\/\/consuladogeral-angola.pt\/"},{"@type":"ListItem","position":2,"name":"COMUNICADO DE IMPRENSA"}]},{"@type":"WebSite","@id":"https:\/\/consuladogeral-angola.pt\/#website","url":"https:\/\/consuladogeral-angola.pt\/","name":"Consulate General of the Republic of Angola in Lisbon","description":"","potentialAction":[{"@type":"SearchAction","target":{"@type":"EntryPoint","urlTemplate":"https:\/\/consuladogeral-angola.pt\/?s={search_term_string}"},"query-input":{"@type":"PropertyValueSpecification","valueRequired":true,"valueName":"search_term_string"}}],"inLanguage":"en-GB"},{"@type":"Person","@id":"https:\/\/consuladogeral-angola.pt\/#\/schema\/person\/faa4fbfe99dfc0bd00ca9624a45d8186","name":"Filipe Quinta","image":{"@type":"ImageObject","inLanguage":"en-GB","@id":"https:\/\/secure.gravatar.com\/avatar\/b75e7a5e497db487209eb5fc686f25e7210c8b4c0d06b20b64d158ad395f74ac?s=96&d=mm&r=g","url":"https:\/\/secure.gravatar.com\/avatar\/b75e7a5e497db487209eb5fc686f25e7210c8b4c0d06b20b64d158ad395f74ac?s=96&d=mm&r=g","contentUrl":"https:\/\/secure.gravatar.com\/avatar\/b75e7a5e497db487209eb5fc686f25e7210c8b4c0d06b20b64d158ad395f74ac?s=96&d=mm&r=g","caption":"Filipe Quinta"},"sameAs":["https:\/\/consuladogeral-angola.pt\/"],"url":"https:\/\/consuladogeral-angola.pt\/en\/author\/filipe-quinta\/"}]}},"_links":{"self":[{"href":"https:\/\/consuladogeral-angola.pt\/en\/wp-json\/wp\/v2\/posts\/3569","targetHints":{"allow":["GET"]}}],"collection":[{"href":"https:\/\/consuladogeral-angola.pt\/en\/wp-json\/wp\/v2\/posts"}],"about":[{"href":"https:\/\/consuladogeral-angola.pt\/en\/wp-json\/wp\/v2\/types\/post"}],"author":[{"embeddable":true,"href":"https:\/\/consuladogeral-angola.pt\/en\/wp-json\/wp\/v2\/users\/4"}],"replies":[{"embeddable":true,"href":"https:\/\/consuladogeral-angola.pt\/en\/wp-json\/wp\/v2\/comments?post=3569"}],"version-history":[{"count":1,"href":"https:\/\/consuladogeral-angola.pt\/en\/wp-json\/wp\/v2\/posts\/3569\/revisions"}],"predecessor-version":[{"id":3571,"href":"https:\/\/consuladogeral-angola.pt\/en\/wp-json\/wp\/v2\/posts\/3569\/revisions\/3571"}],"wp:featuredmedia":[{"embeddable":true,"href":"https:\/\/consuladogeral-angola.pt\/en\/wp-json\/wp\/v2\/media\/2779"}],"wp:attachment":[{"href":"https:\/\/consuladogeral-angola.pt\/en\/wp-json\/wp\/v2\/media?parent=3569"}],"wp:term":[{"taxonomy":"category","embeddable":true,"href":"https:\/\/consuladogeral-angola.pt\/en\/wp-json\/wp\/v2\/categories?post=3569"},{"taxonomy":"post_tag","embeddable":true,"href":"https:\/\/consuladogeral-angola.pt\/en\/wp-json\/wp\/v2\/tags?post=3569"}],"curies":[{"name":"wp","href":"https:\/\/api.w.org\/{rel}","templated":true}]}}