{"id":3655,"date":"2025-06-09T15:07:57","date_gmt":"2025-06-09T15:07:57","guid":{"rendered":"https:\/\/consuladogeral-angola.pt\/?p=3655"},"modified":"2025-07-17T16:12:22","modified_gmt":"2025-07-17T16:12:22","slug":"comunicado-regularizacao-de-autorizacao-de-residencia","status":"publish","type":"post","link":"https:\/\/consuladogeral-angola.pt\/en\/comunicados\/comunicado-regularizacao-de-autorizacao-de-residencia\/","title":{"rendered":"Comunicado Regulariza\u00e7\u00e3o de Autoriza\u00e7\u00e3o de Resid\u00eancia"},"content":{"rendered":"<p>O Consulado Geral de Angola em Lisboa informa os utentes dos nossos servi\u00e7os que a partir desta data, <strong>para efeitos de regulariza\u00e7\u00e3o da Autoriza\u00e7\u00e3o de Resid\u00eancia junto da Ag\u00eancia para a Integra\u00e7\u00e3o, Migra\u00e7\u00f5es e Asilo (AIMA)<\/strong>, deixa de ser exigida <strong>a autentica\u00e7\u00e3o dos Certificados de Registo Criminal<\/strong> pelo Minist\u00e9rio dos Neg\u00f3cios Estrangeiros de Portugal.<\/p>\n\n\n\n<p class=\"has-text-align-center\"><strong>Consulado Geral de Angola em Lisboa, 09 de Junho de 2025.<\/strong><\/p>\n\n\n\n<p><\/p>","protected":false},"excerpt":{"rendered":"<p>O Consulado Geral de Angola em Lisboa informa os utentes dos nossos servi\u00e7os que a partir desta data, para efeitos de regulariza\u00e7\u00e3o da Autoriza\u00e7\u00e3o de Resid\u00eancia junto da Ag\u00eancia para a Integra\u00e7\u00e3o, Migra\u00e7\u00f5es e Asilo (AIMA), deixa de ser exigida a autentica\u00e7\u00e3o dos Certificados de Registo Criminal pelo Minist\u00e9rio dos Neg\u00f3cios Estrangeiros de Portugal. Consulado Geral de Angola em Lisboa, 09 de Junho de 2025.<\/p>","protected":false},"author":4,"featured_media":2779,"comment_status":"closed","ping_status":"open","sticky":false,"template":"","format":"standard","meta":{"_acf_changed":false,"footnotes":""},"categories":[4],"tags":[],"class_list":["post-3655","post","type-post","status-publish","format-standard","has-post-thumbnail","hentry","category-comunicados"],"acf":[],"yoast_head":"<!-- This site is optimized with the Yoast SEO plugin v27.4 - https:\/\/yoast.com\/product\/yoast-seo-wordpress\/ -->\n<title>Comunicado Regulariza\u00e7\u00e3o de Autoriza\u00e7\u00e3o de Resid\u00eancia - Consulado Geral da Rep\u00fablica de Angola em Lisboa<\/title>\n<meta name=\"robots\" content=\"index, follow, max-snippet:-1, max-image-preview:large, max-video-preview:-1\" \/>\n<link rel=\"canonical\" href=\"https:\/\/consuladogeral-angola.pt\/en\/comunicados\/comunicado-regularizacao-de-autorizacao-de-residencia\/\" \/>\n<meta property=\"og:locale\" content=\"en_GB\" \/>\n<meta property=\"og:type\" content=\"article\" \/>\n<meta property=\"og:title\" content=\"Comunicado Regulariza\u00e7\u00e3o de Autoriza\u00e7\u00e3o de Resid\u00eancia - Consulado Geral da Rep\u00fablica de Angola em Lisboa\" \/>\n<meta property=\"og:description\" content=\"O Consulado Geral de Angola em Lisboa informa os utentes dos nossos servi\u00e7os que a partir desta data, para efeitos de regulariza\u00e7\u00e3o da Autoriza\u00e7\u00e3o de Resid\u00eancia junto da Ag\u00eancia para a Integra\u00e7\u00e3o, Migra\u00e7\u00f5es e Asilo (AIMA), deixa de ser exigida a autentica\u00e7\u00e3o dos Certificados de Registo Criminal pelo Minist\u00e9rio dos Neg\u00f3cios Estrangeiros de Portugal. Consulado Geral de Angola em Lisboa, 09 de Junho de 2025.\" \/>\n<meta property=\"og:url\" content=\"https:\/\/consuladogeral-angola.pt\/en\/comunicados\/comunicado-regularizacao-de-autorizacao-de-residencia\/\" \/>\n<meta property=\"og:site_name\" content=\"Consulado Geral da Rep\u00fablica de Angola em Lisboa\" \/>\n<meta property=\"article:published_time\" content=\"2025-06-09T15:07:57+00:00\" \/>\n<meta property=\"article:modified_time\" content=\"2025-07-17T16:12:22+00:00\" \/>\n<meta property=\"og:image\" content=\"https:\/\/consuladogeral-angola.pt\/wp-content\/uploads\/2023\/03\/comunicados2.fw_-1.png\" \/>\n\t<meta property=\"og:image:width\" content=\"700\" \/>\n\t<meta property=\"og:image:height\" content=\"420\" \/>\n\t<meta property=\"og:image:type\" content=\"image\/png\" \/>\n<meta name=\"author\" content=\"Filipe Quinta\" \/>\n<meta name=\"twitter:card\" content=\"summary_large_image\" \/>\n<meta name=\"twitter:label1\" content=\"Written by\" \/>\n\t<meta name=\"twitter:data1\" content=\"Filipe Quinta\" \/>\n\t<meta name=\"twitter:label2\" content=\"Estimated reading time\" \/>\n\t<meta name=\"twitter:data2\" content=\"1 minute\" \/>\n<script type=\"application\/ld+json\" class=\"yoast-schema-graph\">{\"@context\":\"https:\\\/\\\/schema.org\",\"@graph\":[{\"@type\":\"Article\",\"@id\":\"https:\\\/\\\/consuladogeral-angola.pt\\\/comunicados\\\/comunicado-regularizacao-de-autorizacao-de-residencia\\\/#article\",\"isPartOf\":{\"@id\":\"https:\\\/\\\/consuladogeral-angola.pt\\\/comunicados\\\/comunicado-regularizacao-de-autorizacao-de-residencia\\\/\"},\"author\":{\"name\":\"Filipe Quinta\",\"@id\":\"https:\\\/\\\/consuladogeral-angola.pt\\\/#\\\/schema\\\/person\\\/faa4fbfe99dfc0bd00ca9624a45d8186\"},\"headline\":\"Comunicado Regulariza\u00e7\u00e3o de Autoriza\u00e7\u00e3o de Resid\u00eancia\",\"datePublished\":\"2025-06-09T15:07:57+00:00\",\"dateModified\":\"2025-07-17T16:12:22+00:00\",\"mainEntityOfPage\":{\"@id\":\"https:\\\/\\\/consuladogeral-angola.pt\\\/comunicados\\\/comunicado-regularizacao-de-autorizacao-de-residencia\\\/\"},\"wordCount\":82,\"image\":{\"@id\":\"https:\\\/\\\/consuladogeral-angola.pt\\\/comunicados\\\/comunicado-regularizacao-de-autorizacao-de-residencia\\\/#primaryimage\"},\"thumbnailUrl\":\"https:\\\/\\\/consuladogeral-angola.pt\\\/wp-content\\\/uploads\\\/2023\\\/03\\\/comunicados2.fw_-1.png\",\"articleSection\":[\"Comunicados\"],\"inLanguage\":\"en-GB\"},{\"@type\":\"WebPage\",\"@id\":\"https:\\\/\\\/consuladogeral-angola.pt\\\/comunicados\\\/comunicado-regularizacao-de-autorizacao-de-residencia\\\/\",\"url\":\"https:\\\/\\\/consuladogeral-angola.pt\\\/comunicados\\\/comunicado-regularizacao-de-autorizacao-de-residencia\\\/\",\"name\":\"Comunicado Regulariza\u00e7\u00e3o de Autoriza\u00e7\u00e3o de Resid\u00eancia - Consulado Geral da Rep\u00fablica de Angola em Lisboa\",\"isPartOf\":{\"@id\":\"https:\\\/\\\/consuladogeral-angola.pt\\\/#website\"},\"primaryImageOfPage\":{\"@id\":\"https:\\\/\\\/consuladogeral-angola.pt\\\/comunicados\\\/comunicado-regularizacao-de-autorizacao-de-residencia\\\/#primaryimage\"},\"image\":{\"@id\":\"https:\\\/\\\/consuladogeral-angola.pt\\\/comunicados\\\/comunicado-regularizacao-de-autorizacao-de-residencia\\\/#primaryimage\"},\"thumbnailUrl\":\"https:\\\/\\\/consuladogeral-angola.pt\\\/wp-content\\\/uploads\\\/2023\\\/03\\\/comunicados2.fw_-1.png\",\"datePublished\":\"2025-06-09T15:07:57+00:00\",\"dateModified\":\"2025-07-17T16:12:22+00:00\",\"author\":{\"@id\":\"https:\\\/\\\/consuladogeral-angola.pt\\\/#\\\/schema\\\/person\\\/faa4fbfe99dfc0bd00ca9624a45d8186\"},\"breadcrumb\":{\"@id\":\"https:\\\/\\\/consuladogeral-angola.pt\\\/comunicados\\\/comunicado-regularizacao-de-autorizacao-de-residencia\\\/#breadcrumb\"},\"inLanguage\":\"en-GB\",\"potentialAction\":[{\"@type\":\"ReadAction\",\"target\":[\"https:\\\/\\\/consuladogeral-angola.pt\\\/comunicados\\\/comunicado-regularizacao-de-autorizacao-de-residencia\\\/\"]}]},{\"@type\":\"ImageObject\",\"inLanguage\":\"en-GB\",\"@id\":\"https:\\\/\\\/consuladogeral-angola.pt\\\/comunicados\\\/comunicado-regularizacao-de-autorizacao-de-residencia\\\/#primaryimage\",\"url\":\"https:\\\/\\\/consuladogeral-angola.pt\\\/wp-content\\\/uploads\\\/2023\\\/03\\\/comunicados2.fw_-1.png\",\"contentUrl\":\"https:\\\/\\\/consuladogeral-angola.pt\\\/wp-content\\\/uploads\\\/2023\\\/03\\\/comunicados2.fw_-1.png\",\"width\":700,\"height\":420},{\"@type\":\"BreadcrumbList\",\"@id\":\"https:\\\/\\\/consuladogeral-angola.pt\\\/comunicados\\\/comunicado-regularizacao-de-autorizacao-de-residencia\\\/#breadcrumb\",\"itemListElement\":[{\"@type\":\"ListItem\",\"position\":1,\"name\":\"Home\",\"item\":\"https:\\\/\\\/consuladogeral-angola.pt\\\/\"},{\"@type\":\"ListItem\",\"position\":2,\"name\":\"Comunicado Regulariza\u00e7\u00e3o de Autoriza\u00e7\u00e3o de Resid\u00eancia\"}]},{\"@type\":\"WebSite\",\"@id\":\"https:\\\/\\\/consuladogeral-angola.pt\\\/#website\",\"url\":\"https:\\\/\\\/consuladogeral-angola.pt\\\/\",\"name\":\"Consulado Geral da Rep\u00fablica de Angola em Lisboa\",\"description\":\"\",\"potentialAction\":[{\"@type\":\"SearchAction\",\"target\":{\"@type\":\"EntryPoint\",\"urlTemplate\":\"https:\\\/\\\/consuladogeral-angola.pt\\\/?s={search_term_string}\"},\"query-input\":{\"@type\":\"PropertyValueSpecification\",\"valueRequired\":true,\"valueName\":\"search_term_string\"}}],\"inLanguage\":\"en-GB\"},{\"@type\":\"Person\",\"@id\":\"https:\\\/\\\/consuladogeral-angola.pt\\\/#\\\/schema\\\/person\\\/faa4fbfe99dfc0bd00ca9624a45d8186\",\"name\":\"Filipe Quinta\",\"image\":{\"@type\":\"ImageObject\",\"inLanguage\":\"en-GB\",\"@id\":\"https:\\\/\\\/secure.gravatar.com\\\/avatar\\\/b75e7a5e497db487209eb5fc686f25e7210c8b4c0d06b20b64d158ad395f74ac?s=96&d=mm&r=g\",\"url\":\"https:\\\/\\\/secure.gravatar.com\\\/avatar\\\/b75e7a5e497db487209eb5fc686f25e7210c8b4c0d06b20b64d158ad395f74ac?s=96&d=mm&r=g\",\"contentUrl\":\"https:\\\/\\\/secure.gravatar.com\\\/avatar\\\/b75e7a5e497db487209eb5fc686f25e7210c8b4c0d06b20b64d158ad395f74ac?s=96&d=mm&r=g\",\"caption\":\"Filipe Quinta\"},\"sameAs\":[\"https:\\\/\\\/consuladogeral-angola.pt\\\/\"],\"url\":\"https:\\\/\\\/consuladogeral-angola.pt\\\/en\\\/author\\\/filipe-quinta\\\/\"}]}<\/script>\n<!-- \/ Yoast SEO plugin. -->","yoast_head_json":{"title":"Comunicado Regulariza\u00e7\u00e3o de Autoriza\u00e7\u00e3o de Resid\u00eancia - Consulado Geral da Rep\u00fablica de Angola em Lisboa","robots":{"index":"index","follow":"follow","max-snippet":"max-snippet:-1","max-image-preview":"max-image-preview:large","max-video-preview":"max-video-preview:-1"},"canonical":"https:\/\/consuladogeral-angola.pt\/en\/comunicados\/comunicado-regularizacao-de-autorizacao-de-residencia\/","og_locale":"en_GB","og_type":"article","og_title":"Comunicado Regulariza\u00e7\u00e3o de Autoriza\u00e7\u00e3o de Resid\u00eancia - Consulado Geral da Rep\u00fablica de Angola em Lisboa","og_description":"O Consulado Geral de Angola em Lisboa informa os utentes dos nossos servi\u00e7os que a partir desta data, para efeitos de regulariza\u00e7\u00e3o da Autoriza\u00e7\u00e3o de Resid\u00eancia junto da Ag\u00eancia para a Integra\u00e7\u00e3o, Migra\u00e7\u00f5es e Asilo (AIMA), deixa de ser exigida a autentica\u00e7\u00e3o dos Certificados de Registo Criminal pelo Minist\u00e9rio dos Neg\u00f3cios Estrangeiros de Portugal. Consulado Geral de Angola em Lisboa, 09 de Junho de 2025.","og_url":"https:\/\/consuladogeral-angola.pt\/en\/comunicados\/comunicado-regularizacao-de-autorizacao-de-residencia\/","og_site_name":"Consulado Geral da Rep\u00fablica de Angola em Lisboa","article_published_time":"2025-06-09T15:07:57+00:00","article_modified_time":"2025-07-17T16:12:22+00:00","og_image":[{"width":700,"height":420,"url":"https:\/\/consuladogeral-angola.pt\/wp-content\/uploads\/2023\/03\/comunicados2.fw_-1.png","type":"image\/png"}],"author":"Filipe Quinta","twitter_card":"summary_large_image","twitter_misc":{"Written by":"Filipe Quinta","Estimated reading time":"1 minute"},"schema":{"@context":"https:\/\/schema.org","@graph":[{"@type":"Article","@id":"https:\/\/consuladogeral-angola.pt\/comunicados\/comunicado-regularizacao-de-autorizacao-de-residencia\/#article","isPartOf":{"@id":"https:\/\/consuladogeral-angola.pt\/comunicados\/comunicado-regularizacao-de-autorizacao-de-residencia\/"},"author":{"name":"Filipe Quinta","@id":"https:\/\/consuladogeral-angola.pt\/#\/schema\/person\/faa4fbfe99dfc0bd00ca9624a45d8186"},"headline":"Comunicado Regulariza\u00e7\u00e3o de Autoriza\u00e7\u00e3o de Resid\u00eancia","datePublished":"2025-06-09T15:07:57+00:00","dateModified":"2025-07-17T16:12:22+00:00","mainEntityOfPage":{"@id":"https:\/\/consuladogeral-angola.pt\/comunicados\/comunicado-regularizacao-de-autorizacao-de-residencia\/"},"wordCount":82,"image":{"@id":"https:\/\/consuladogeral-angola.pt\/comunicados\/comunicado-regularizacao-de-autorizacao-de-residencia\/#primaryimage"},"thumbnailUrl":"https:\/\/consuladogeral-angola.pt\/wp-content\/uploads\/2023\/03\/comunicados2.fw_-1.png","articleSection":["Comunicados"],"inLanguage":"en-GB"},{"@type":"WebPage","@id":"https:\/\/consuladogeral-angola.pt\/comunicados\/comunicado-regularizacao-de-autorizacao-de-residencia\/","url":"https:\/\/consuladogeral-angola.pt\/comunicados\/comunicado-regularizacao-de-autorizacao-de-residencia\/","name":"Comunicado Regulariza\u00e7\u00e3o de Autoriza\u00e7\u00e3o de Resid\u00eancia - Consulado Geral da Rep\u00fablica de Angola em Lisboa","isPartOf":{"@id":"https:\/\/consuladogeral-angola.pt\/#website"},"primaryImageOfPage":{"@id":"https:\/\/consuladogeral-angola.pt\/comunicados\/comunicado-regularizacao-de-autorizacao-de-residencia\/#primaryimage"},"image":{"@id":"https:\/\/consuladogeral-angola.pt\/comunicados\/comunicado-regularizacao-de-autorizacao-de-residencia\/#primaryimage"},"thumbnailUrl":"https:\/\/consuladogeral-angola.pt\/wp-content\/uploads\/2023\/03\/comunicados2.fw_-1.png","datePublished":"2025-06-09T15:07:57+00:00","dateModified":"2025-07-17T16:12:22+00:00","author":{"@id":"https:\/\/consuladogeral-angola.pt\/#\/schema\/person\/faa4fbfe99dfc0bd00ca9624a45d8186"},"breadcrumb":{"@id":"https:\/\/consuladogeral-angola.pt\/comunicados\/comunicado-regularizacao-de-autorizacao-de-residencia\/#breadcrumb"},"inLanguage":"en-GB","potentialAction":[{"@type":"ReadAction","target":["https:\/\/consuladogeral-angola.pt\/comunicados\/comunicado-regularizacao-de-autorizacao-de-residencia\/"]}]},{"@type":"ImageObject","inLanguage":"en-GB","@id":"https:\/\/consuladogeral-angola.pt\/comunicados\/comunicado-regularizacao-de-autorizacao-de-residencia\/#primaryimage","url":"https:\/\/consuladogeral-angola.pt\/wp-content\/uploads\/2023\/03\/comunicados2.fw_-1.png","contentUrl":"https:\/\/consuladogeral-angola.pt\/wp-content\/uploads\/2023\/03\/comunicados2.fw_-1.png","width":700,"height":420},{"@type":"BreadcrumbList","@id":"https:\/\/consuladogeral-angola.pt\/comunicados\/comunicado-regularizacao-de-autorizacao-de-residencia\/#breadcrumb","itemListElement":[{"@type":"ListItem","position":1,"name":"Home","item":"https:\/\/consuladogeral-angola.pt\/"},{"@type":"ListItem","position":2,"name":"Comunicado Regulariza\u00e7\u00e3o de Autoriza\u00e7\u00e3o de Resid\u00eancia"}]},{"@type":"WebSite","@id":"https:\/\/consuladogeral-angola.pt\/#website","url":"https:\/\/consuladogeral-angola.pt\/","name":"Consulate General of the Republic of Angola in Lisbon","description":"","potentialAction":[{"@type":"SearchAction","target":{"@type":"EntryPoint","urlTemplate":"https:\/\/consuladogeral-angola.pt\/?s={search_term_string}"},"query-input":{"@type":"PropertyValueSpecification","valueRequired":true,"valueName":"search_term_string"}}],"inLanguage":"en-GB"},{"@type":"Person","@id":"https:\/\/consuladogeral-angola.pt\/#\/schema\/person\/faa4fbfe99dfc0bd00ca9624a45d8186","name":"Filipe Quinta","image":{"@type":"ImageObject","inLanguage":"en-GB","@id":"https:\/\/secure.gravatar.com\/avatar\/b75e7a5e497db487209eb5fc686f25e7210c8b4c0d06b20b64d158ad395f74ac?s=96&d=mm&r=g","url":"https:\/\/secure.gravatar.com\/avatar\/b75e7a5e497db487209eb5fc686f25e7210c8b4c0d06b20b64d158ad395f74ac?s=96&d=mm&r=g","contentUrl":"https:\/\/secure.gravatar.com\/avatar\/b75e7a5e497db487209eb5fc686f25e7210c8b4c0d06b20b64d158ad395f74ac?s=96&d=mm&r=g","caption":"Filipe Quinta"},"sameAs":["https:\/\/consuladogeral-angola.pt\/"],"url":"https:\/\/consuladogeral-angola.pt\/en\/author\/filipe-quinta\/"}]}},"_links":{"self":[{"href":"https:\/\/consuladogeral-angola.pt\/en\/wp-json\/wp\/v2\/posts\/3655","targetHints":{"allow":["GET"]}}],"collection":[{"href":"https:\/\/consuladogeral-angola.pt\/en\/wp-json\/wp\/v2\/posts"}],"about":[{"href":"https:\/\/consuladogeral-angola.pt\/en\/wp-json\/wp\/v2\/types\/post"}],"author":[{"embeddable":true,"href":"https:\/\/consuladogeral-angola.pt\/en\/wp-json\/wp\/v2\/users\/4"}],"replies":[{"embeddable":true,"href":"https:\/\/consuladogeral-angola.pt\/en\/wp-json\/wp\/v2\/comments?post=3655"}],"version-history":[{"count":5,"href":"https:\/\/consuladogeral-angola.pt\/en\/wp-json\/wp\/v2\/posts\/3655\/revisions"}],"predecessor-version":[{"id":3664,"href":"https:\/\/consuladogeral-angola.pt\/en\/wp-json\/wp\/v2\/posts\/3655\/revisions\/3664"}],"wp:featuredmedia":[{"embeddable":true,"href":"https:\/\/consuladogeral-angola.pt\/en\/wp-json\/wp\/v2\/media\/2779"}],"wp:attachment":[{"href":"https:\/\/consuladogeral-angola.pt\/en\/wp-json\/wp\/v2\/media?parent=3655"}],"wp:term":[{"taxonomy":"category","embeddable":true,"href":"https:\/\/consuladogeral-angola.pt\/en\/wp-json\/wp\/v2\/categories?post=3655"},{"taxonomy":"post_tag","embeddable":true,"href":"https:\/\/consuladogeral-angola.pt\/en\/wp-json\/wp\/v2\/tags?post=3655"}],"curies":[{"name":"wp","href":"https:\/\/api.w.org\/{rel}","templated":true}]}}