{"id":3684,"date":"2025-07-16T18:24:41","date_gmt":"2025-07-16T18:24:41","guid":{"rendered":"https:\/\/consuladogeral-angola.pt\/?p=3684"},"modified":"2025-07-17T16:12:21","modified_gmt":"2025-07-17T16:12:21","slug":"comunicado-2","status":"publish","type":"post","link":"https:\/\/consuladogeral-angola.pt\/en\/comunicados\/comunicado-2\/","title":{"rendered":"COMUNICADO"},"content":{"rendered":"<p>O Consulado Geral de Angola em Lisboa lamenta informar aos utentes dos seus servi\u00e7os, que devido a problemas t\u00e9cnicos encerrer\u00e1 as suas instala\u00e7\u00f5es na sexta-feira, dia 18 de Julho de 2025.<\/p>\n\n\n\n<p class=\"has-text-align-center\"><strong>N\u00c3O HAVER\u00c1 ATENDIMENTO AO P\u00daBLICO.<\/strong><\/p>\n\n\n\n<p>Os servi\u00e7os de atendimento ao p\u00fablico, ser\u00e3o retomados no dia 21 de Julho de 2025, segunda-feira.<\/p>\n\n\n\n<p><strong>Consulado Geral de Angola em Lisboa aos 16 de Julho de 2025.<\/strong><\/p>","protected":false},"excerpt":{"rendered":"<p>O Consulado Geral de Angola em Lisboa lamenta informar aos utentes dos seus servi\u00e7os, que devido a problemas t\u00e9cnicos encerrer\u00e1 as suas instala\u00e7\u00f5es na sexta-feira, dia 18 de Julho de 2025. N\u00c3O HAVER\u00c1 ATENDIMENTO AO P\u00daBLICO. Os servi\u00e7os de atendimento ao p\u00fablico, ser\u00e3o retomados no dia 21 de Julho de 2025, segunda-feira. Consulado Geral de Angola em Lisboa aos 16 de Julho de 2025.<\/p>","protected":false},"author":3,"featured_media":2779,"comment_status":"closed","ping_status":"open","sticky":false,"template":"","format":"standard","meta":{"_acf_changed":false,"footnotes":""},"categories":[4],"tags":[],"class_list":["post-3684","post","type-post","status-publish","format-standard","has-post-thumbnail","hentry","category-comunicados"],"acf":[],"yoast_head":"<!-- This site is optimized with the Yoast SEO plugin v27.4 - https:\/\/yoast.com\/product\/yoast-seo-wordpress\/ -->\n<title>COMUNICADO - Consulado Geral da Rep\u00fablica de Angola em Lisboa<\/title>\n<meta name=\"robots\" content=\"index, follow, max-snippet:-1, max-image-preview:large, max-video-preview:-1\" \/>\n<link rel=\"canonical\" href=\"https:\/\/consuladogeral-angola.pt\/en\/comunicados\/comunicado-2\/\" \/>\n<meta property=\"og:locale\" content=\"en_GB\" \/>\n<meta property=\"og:type\" content=\"article\" \/>\n<meta property=\"og:title\" content=\"COMUNICADO - Consulado Geral da Rep\u00fablica de Angola em Lisboa\" \/>\n<meta property=\"og:description\" content=\"O Consulado Geral de Angola em Lisboa lamenta informar aos utentes dos seus servi\u00e7os, que devido a problemas t\u00e9cnicos encerrer\u00e1 as suas instala\u00e7\u00f5es na sexta-feira, dia 18 de Julho de 2025. N\u00c3O HAVER\u00c1 ATENDIMENTO AO P\u00daBLICO. Os servi\u00e7os de atendimento ao p\u00fablico, ser\u00e3o retomados no dia 21 de Julho de 2025, segunda-feira. Consulado Geral de Angola em Lisboa aos 16 de Julho de 2025.\" \/>\n<meta property=\"og:url\" content=\"https:\/\/consuladogeral-angola.pt\/en\/comunicados\/comunicado-2\/\" \/>\n<meta property=\"og:site_name\" content=\"Consulado Geral da Rep\u00fablica de Angola em Lisboa\" \/>\n<meta property=\"article:published_time\" content=\"2025-07-16T18:24:41+00:00\" \/>\n<meta property=\"article:modified_time\" content=\"2025-07-17T16:12:21+00:00\" \/>\n<meta property=\"og:image\" content=\"https:\/\/consuladogeral-angola.pt\/wp-content\/uploads\/2023\/03\/comunicados2.fw_-1.png\" \/>\n\t<meta property=\"og:image:width\" content=\"700\" \/>\n\t<meta property=\"og:image:height\" content=\"420\" \/>\n\t<meta property=\"og:image:type\" content=\"image\/png\" \/>\n<meta name=\"author\" content=\"cagLisboa\" \/>\n<meta name=\"twitter:card\" content=\"summary_large_image\" \/>\n<meta name=\"twitter:label1\" content=\"Written by\" \/>\n\t<meta name=\"twitter:data1\" content=\"cagLisboa\" \/>\n\t<meta name=\"twitter:label2\" content=\"Estimated reading time\" \/>\n\t<meta name=\"twitter:data2\" content=\"1 minute\" \/>\n<script type=\"application\/ld+json\" class=\"yoast-schema-graph\">{\"@context\":\"https:\\\/\\\/schema.org\",\"@graph\":[{\"@type\":\"Article\",\"@id\":\"https:\\\/\\\/consuladogeral-angola.pt\\\/comunicados\\\/comunicado-2\\\/#article\",\"isPartOf\":{\"@id\":\"https:\\\/\\\/consuladogeral-angola.pt\\\/comunicados\\\/comunicado-2\\\/\"},\"author\":{\"name\":\"cagLisboa\",\"@id\":\"https:\\\/\\\/consuladogeral-angola.pt\\\/#\\\/schema\\\/person\\\/f514fb95835b32a9aa7be9b8a8a12afa\"},\"headline\":\"COMUNICADO\",\"datePublished\":\"2025-07-16T18:24:41+00:00\",\"dateModified\":\"2025-07-17T16:12:21+00:00\",\"mainEntityOfPage\":{\"@id\":\"https:\\\/\\\/consuladogeral-angola.pt\\\/comunicados\\\/comunicado-2\\\/\"},\"wordCount\":67,\"image\":{\"@id\":\"https:\\\/\\\/consuladogeral-angola.pt\\\/comunicados\\\/comunicado-2\\\/#primaryimage\"},\"thumbnailUrl\":\"https:\\\/\\\/consuladogeral-angola.pt\\\/wp-content\\\/uploads\\\/2023\\\/03\\\/comunicados2.fw_-1.png\",\"articleSection\":[\"Comunicados\"],\"inLanguage\":\"en-GB\"},{\"@type\":\"WebPage\",\"@id\":\"https:\\\/\\\/consuladogeral-angola.pt\\\/comunicados\\\/comunicado-2\\\/\",\"url\":\"https:\\\/\\\/consuladogeral-angola.pt\\\/comunicados\\\/comunicado-2\\\/\",\"name\":\"COMUNICADO - Consulado Geral da Rep\u00fablica de Angola em Lisboa\",\"isPartOf\":{\"@id\":\"https:\\\/\\\/consuladogeral-angola.pt\\\/#website\"},\"primaryImageOfPage\":{\"@id\":\"https:\\\/\\\/consuladogeral-angola.pt\\\/comunicados\\\/comunicado-2\\\/#primaryimage\"},\"image\":{\"@id\":\"https:\\\/\\\/consuladogeral-angola.pt\\\/comunicados\\\/comunicado-2\\\/#primaryimage\"},\"thumbnailUrl\":\"https:\\\/\\\/consuladogeral-angola.pt\\\/wp-content\\\/uploads\\\/2023\\\/03\\\/comunicados2.fw_-1.png\",\"datePublished\":\"2025-07-16T18:24:41+00:00\",\"dateModified\":\"2025-07-17T16:12:21+00:00\",\"author\":{\"@id\":\"https:\\\/\\\/consuladogeral-angola.pt\\\/#\\\/schema\\\/person\\\/f514fb95835b32a9aa7be9b8a8a12afa\"},\"breadcrumb\":{\"@id\":\"https:\\\/\\\/consuladogeral-angola.pt\\\/comunicados\\\/comunicado-2\\\/#breadcrumb\"},\"inLanguage\":\"en-GB\",\"potentialAction\":[{\"@type\":\"ReadAction\",\"target\":[\"https:\\\/\\\/consuladogeral-angola.pt\\\/comunicados\\\/comunicado-2\\\/\"]}]},{\"@type\":\"ImageObject\",\"inLanguage\":\"en-GB\",\"@id\":\"https:\\\/\\\/consuladogeral-angola.pt\\\/comunicados\\\/comunicado-2\\\/#primaryimage\",\"url\":\"https:\\\/\\\/consuladogeral-angola.pt\\\/wp-content\\\/uploads\\\/2023\\\/03\\\/comunicados2.fw_-1.png\",\"contentUrl\":\"https:\\\/\\\/consuladogeral-angola.pt\\\/wp-content\\\/uploads\\\/2023\\\/03\\\/comunicados2.fw_-1.png\",\"width\":700,\"height\":420},{\"@type\":\"BreadcrumbList\",\"@id\":\"https:\\\/\\\/consuladogeral-angola.pt\\\/comunicados\\\/comunicado-2\\\/#breadcrumb\",\"itemListElement\":[{\"@type\":\"ListItem\",\"position\":1,\"name\":\"Home\",\"item\":\"https:\\\/\\\/consuladogeral-angola.pt\\\/\"},{\"@type\":\"ListItem\",\"position\":2,\"name\":\"COMUNICADO\"}]},{\"@type\":\"WebSite\",\"@id\":\"https:\\\/\\\/consuladogeral-angola.pt\\\/#website\",\"url\":\"https:\\\/\\\/consuladogeral-angola.pt\\\/\",\"name\":\"Consulado Geral da Rep\u00fablica de Angola em Lisboa\",\"description\":\"\",\"potentialAction\":[{\"@type\":\"SearchAction\",\"target\":{\"@type\":\"EntryPoint\",\"urlTemplate\":\"https:\\\/\\\/consuladogeral-angola.pt\\\/?s={search_term_string}\"},\"query-input\":{\"@type\":\"PropertyValueSpecification\",\"valueRequired\":true,\"valueName\":\"search_term_string\"}}],\"inLanguage\":\"en-GB\"},{\"@type\":\"Person\",\"@id\":\"https:\\\/\\\/consuladogeral-angola.pt\\\/#\\\/schema\\\/person\\\/f514fb95835b32a9aa7be9b8a8a12afa\",\"name\":\"cagLisboa\",\"image\":{\"@type\":\"ImageObject\",\"inLanguage\":\"en-GB\",\"@id\":\"https:\\\/\\\/secure.gravatar.com\\\/avatar\\\/93722c48d19e8656364246bf57f794ae613e2b2696d019e2f3a8a9e5d9d584d4?s=96&d=mm&r=g\",\"url\":\"https:\\\/\\\/secure.gravatar.com\\\/avatar\\\/93722c48d19e8656364246bf57f794ae613e2b2696d019e2f3a8a9e5d9d584d4?s=96&d=mm&r=g\",\"contentUrl\":\"https:\\\/\\\/secure.gravatar.com\\\/avatar\\\/93722c48d19e8656364246bf57f794ae613e2b2696d019e2f3a8a9e5d9d584d4?s=96&d=mm&r=g\",\"caption\":\"cagLisboa\"},\"url\":\"https:\\\/\\\/consuladogeral-angola.pt\\\/en\\\/author\\\/caglisboa\\\/\"}]}<\/script>\n<!-- \/ Yoast SEO plugin. -->","yoast_head_json":{"title":"COMUNICADO - Consulado Geral da Rep\u00fablica de Angola em Lisboa","robots":{"index":"index","follow":"follow","max-snippet":"max-snippet:-1","max-image-preview":"max-image-preview:large","max-video-preview":"max-video-preview:-1"},"canonical":"https:\/\/consuladogeral-angola.pt\/en\/comunicados\/comunicado-2\/","og_locale":"en_GB","og_type":"article","og_title":"COMUNICADO - Consulado Geral da Rep\u00fablica de Angola em Lisboa","og_description":"O Consulado Geral de Angola em Lisboa lamenta informar aos utentes dos seus servi\u00e7os, que devido a problemas t\u00e9cnicos encerrer\u00e1 as suas instala\u00e7\u00f5es na sexta-feira, dia 18 de Julho de 2025. N\u00c3O HAVER\u00c1 ATENDIMENTO AO P\u00daBLICO. Os servi\u00e7os de atendimento ao p\u00fablico, ser\u00e3o retomados no dia 21 de Julho de 2025, segunda-feira. Consulado Geral de Angola em Lisboa aos 16 de Julho de 2025.","og_url":"https:\/\/consuladogeral-angola.pt\/en\/comunicados\/comunicado-2\/","og_site_name":"Consulado Geral da Rep\u00fablica de Angola em Lisboa","article_published_time":"2025-07-16T18:24:41+00:00","article_modified_time":"2025-07-17T16:12:21+00:00","og_image":[{"width":700,"height":420,"url":"https:\/\/consuladogeral-angola.pt\/wp-content\/uploads\/2023\/03\/comunicados2.fw_-1.png","type":"image\/png"}],"author":"cagLisboa","twitter_card":"summary_large_image","twitter_misc":{"Written by":"cagLisboa","Estimated reading time":"1 minute"},"schema":{"@context":"https:\/\/schema.org","@graph":[{"@type":"Article","@id":"https:\/\/consuladogeral-angola.pt\/comunicados\/comunicado-2\/#article","isPartOf":{"@id":"https:\/\/consuladogeral-angola.pt\/comunicados\/comunicado-2\/"},"author":{"name":"cagLisboa","@id":"https:\/\/consuladogeral-angola.pt\/#\/schema\/person\/f514fb95835b32a9aa7be9b8a8a12afa"},"headline":"COMUNICADO","datePublished":"2025-07-16T18:24:41+00:00","dateModified":"2025-07-17T16:12:21+00:00","mainEntityOfPage":{"@id":"https:\/\/consuladogeral-angola.pt\/comunicados\/comunicado-2\/"},"wordCount":67,"image":{"@id":"https:\/\/consuladogeral-angola.pt\/comunicados\/comunicado-2\/#primaryimage"},"thumbnailUrl":"https:\/\/consuladogeral-angola.pt\/wp-content\/uploads\/2023\/03\/comunicados2.fw_-1.png","articleSection":["Comunicados"],"inLanguage":"en-GB"},{"@type":"WebPage","@id":"https:\/\/consuladogeral-angola.pt\/comunicados\/comunicado-2\/","url":"https:\/\/consuladogeral-angola.pt\/comunicados\/comunicado-2\/","name":"COMUNICADO - Consulado Geral da Rep\u00fablica de Angola em Lisboa","isPartOf":{"@id":"https:\/\/consuladogeral-angola.pt\/#website"},"primaryImageOfPage":{"@id":"https:\/\/consuladogeral-angola.pt\/comunicados\/comunicado-2\/#primaryimage"},"image":{"@id":"https:\/\/consuladogeral-angola.pt\/comunicados\/comunicado-2\/#primaryimage"},"thumbnailUrl":"https:\/\/consuladogeral-angola.pt\/wp-content\/uploads\/2023\/03\/comunicados2.fw_-1.png","datePublished":"2025-07-16T18:24:41+00:00","dateModified":"2025-07-17T16:12:21+00:00","author":{"@id":"https:\/\/consuladogeral-angola.pt\/#\/schema\/person\/f514fb95835b32a9aa7be9b8a8a12afa"},"breadcrumb":{"@id":"https:\/\/consuladogeral-angola.pt\/comunicados\/comunicado-2\/#breadcrumb"},"inLanguage":"en-GB","potentialAction":[{"@type":"ReadAction","target":["https:\/\/consuladogeral-angola.pt\/comunicados\/comunicado-2\/"]}]},{"@type":"ImageObject","inLanguage":"en-GB","@id":"https:\/\/consuladogeral-angola.pt\/comunicados\/comunicado-2\/#primaryimage","url":"https:\/\/consuladogeral-angola.pt\/wp-content\/uploads\/2023\/03\/comunicados2.fw_-1.png","contentUrl":"https:\/\/consuladogeral-angola.pt\/wp-content\/uploads\/2023\/03\/comunicados2.fw_-1.png","width":700,"height":420},{"@type":"BreadcrumbList","@id":"https:\/\/consuladogeral-angola.pt\/comunicados\/comunicado-2\/#breadcrumb","itemListElement":[{"@type":"ListItem","position":1,"name":"Home","item":"https:\/\/consuladogeral-angola.pt\/"},{"@type":"ListItem","position":2,"name":"COMUNICADO"}]},{"@type":"WebSite","@id":"https:\/\/consuladogeral-angola.pt\/#website","url":"https:\/\/consuladogeral-angola.pt\/","name":"Consulate General of the Republic of Angola in Lisbon","description":"","potentialAction":[{"@type":"SearchAction","target":{"@type":"EntryPoint","urlTemplate":"https:\/\/consuladogeral-angola.pt\/?s={search_term_string}"},"query-input":{"@type":"PropertyValueSpecification","valueRequired":true,"valueName":"search_term_string"}}],"inLanguage":"en-GB"},{"@type":"Person","@id":"https:\/\/consuladogeral-angola.pt\/#\/schema\/person\/f514fb95835b32a9aa7be9b8a8a12afa","name":"cagLisboa","image":{"@type":"ImageObject","inLanguage":"en-GB","@id":"https:\/\/secure.gravatar.com\/avatar\/93722c48d19e8656364246bf57f794ae613e2b2696d019e2f3a8a9e5d9d584d4?s=96&d=mm&r=g","url":"https:\/\/secure.gravatar.com\/avatar\/93722c48d19e8656364246bf57f794ae613e2b2696d019e2f3a8a9e5d9d584d4?s=96&d=mm&r=g","contentUrl":"https:\/\/secure.gravatar.com\/avatar\/93722c48d19e8656364246bf57f794ae613e2b2696d019e2f3a8a9e5d9d584d4?s=96&d=mm&r=g","caption":"cagLisboa"},"url":"https:\/\/consuladogeral-angola.pt\/en\/author\/caglisboa\/"}]}},"_links":{"self":[{"href":"https:\/\/consuladogeral-angola.pt\/en\/wp-json\/wp\/v2\/posts\/3684","targetHints":{"allow":["GET"]}}],"collection":[{"href":"https:\/\/consuladogeral-angola.pt\/en\/wp-json\/wp\/v2\/posts"}],"about":[{"href":"https:\/\/consuladogeral-angola.pt\/en\/wp-json\/wp\/v2\/types\/post"}],"author":[{"embeddable":true,"href":"https:\/\/consuladogeral-angola.pt\/en\/wp-json\/wp\/v2\/users\/3"}],"replies":[{"embeddable":true,"href":"https:\/\/consuladogeral-angola.pt\/en\/wp-json\/wp\/v2\/comments?post=3684"}],"version-history":[{"count":1,"href":"https:\/\/consuladogeral-angola.pt\/en\/wp-json\/wp\/v2\/posts\/3684\/revisions"}],"predecessor-version":[{"id":3685,"href":"https:\/\/consuladogeral-angola.pt\/en\/wp-json\/wp\/v2\/posts\/3684\/revisions\/3685"}],"wp:featuredmedia":[{"embeddable":true,"href":"https:\/\/consuladogeral-angola.pt\/en\/wp-json\/wp\/v2\/media\/2779"}],"wp:attachment":[{"href":"https:\/\/consuladogeral-angola.pt\/en\/wp-json\/wp\/v2\/media?parent=3684"}],"wp:term":[{"taxonomy":"category","embeddable":true,"href":"https:\/\/consuladogeral-angola.pt\/en\/wp-json\/wp\/v2\/categories?post=3684"},{"taxonomy":"post_tag","embeddable":true,"href":"https:\/\/consuladogeral-angola.pt\/en\/wp-json\/wp\/v2\/tags?post=3684"}],"curies":[{"name":"wp","href":"https:\/\/api.w.org\/{rel}","templated":true}]}}